{"id":54190,"date":"2018-04-13T05:54:49","date_gmt":"2018-04-13T08:54:49","guid":{"rendered":"http:\/\/portalcatolico.net\/portal\/?p=54190"},"modified":"2018-04-13T05:55:13","modified_gmt":"2018-04-13T08:55:13","slug":"paroquia-de-canavieiras-recebe-mocao-de-aplausos-pelos-seus-300-anos","status":"publish","type":"post","link":"http:\/\/portalcatolico.net\/portal\/paroquia-de-canavieiras-recebe-mocao-de-aplausos-pelos-seus-300-anos\/","title":{"rendered":"Par\u00f3quia de Canavieiras recebe Mo\u00e7\u00e3o de Aplausos pelos seus 300 anos"},"content":{"rendered":"<p style=\"font-weight: 400;\">A Par\u00f3quia S\u00e3o Boaventura de Canavieiras (BA) foi agraciada com uma Mo\u00e7\u00e3o de Aplausos pela C\u00e2mara de Municipal. A pauta de autoria do Deputado Estadual Eduardo Salles foi aprovada, devido a suma import\u00e2ncia da celebra\u00e7\u00e3o dos 300 anos de cria\u00e7\u00e3o da Par\u00f3quia, comemorados no dia 11 de abril de 2018.<\/p>\n<p style=\"font-weight: 400;\">A Hist\u00f3ria &#8211; Segundo relatos de historiadores, a imagem de S\u00e3o Boaventura, medindo quase 90 cm, em madeira do tipo cedro, em estilo barroco portugu\u00eas, foi encontrada nas praias do Poxim, hoje distrito do munic\u00edpio, por pescadores que ali moravam. Acreditam que essa imagem fazia parte de alguma nau portuguesa ou italiana, j\u00e1 que era comum na \u00e9poca, cada nau ter seu santo protetor e por motivo de naufr\u00e1gio tenha flutuado pelo mar, sendo levada pelas correntes mar\u00edtimas at\u00e9 a costa do atual munic\u00edpio de Canavieiras.<\/p>\n<p style=\"font-weight: 400;\">O Portal Cat\u00f3lico parabeniza \u00e0 C\u00e2mara pela iniciativa e \u00e0 Par\u00f3quia S\u00e3o Boaventura pelos 300 anos de evangeliza\u00e7\u00e3o.<\/p>\n<p>Por: Anara Passos (Jornalista DRT 7574)<\/p>\n<p>&nbsp;<\/p>\n","protected":false},"excerpt":{"rendered":"<p>A Par\u00f3quia S\u00e3o Boaventura de Canavieiras (BA) foi agraciada com uma Mo\u00e7\u00e3o de Aplausos pela C\u00e2mara de Municipal. A pauta de autoria do Deputado Estadual Eduardo Salles foi aprovada, devido a suma import\u00e2ncia da celebra\u00e7\u00e3o dos 300 anos de cria\u00e7\u00e3o da Par\u00f3quia, comemorados no dia 11 de abril de 2018. A Hist\u00f3ria &#8211; Segundo relatos&nbsp;<\/p>\n<p><a class=\"btn btn-style\" href=\"http:\/\/portalcatolico.net\/portal\/paroquia-de-canavieiras-recebe-mocao-de-aplausos-pelos-seus-300-anos\/\">Continue Reading<\/a><\/p>\n","protected":false},"author":2,"featured_media":54191,"comment_status":"open","ping_status":"open","sticky":false,"template":"","format":"standard","meta":{"footnotes":""},"categories":[4],"tags":[],"class_list":["post-54190","post","type-post","status-publish","format-standard","has-post-thumbnail","hentry","category-destaques"],"_links":{"self":[{"href":"http:\/\/portalcatolico.net\/portal\/wp-json\/wp\/v2\/posts\/54190","targetHints":{"allow":["GET"]}}],"collection":[{"href":"http:\/\/portalcatolico.net\/portal\/wp-json\/wp\/v2\/posts"}],"about":[{"href":"http:\/\/portalcatolico.net\/portal\/wp-json\/wp\/v2\/types\/post"}],"author":[{"embeddable":true,"href":"http:\/\/portalcatolico.net\/portal\/wp-json\/wp\/v2\/users\/2"}],"replies":[{"embeddable":true,"href":"http:\/\/portalcatolico.net\/portal\/wp-json\/wp\/v2\/comments?post=54190"}],"version-history":[{"count":1,"href":"http:\/\/portalcatolico.net\/portal\/wp-json\/wp\/v2\/posts\/54190\/revisions"}],"predecessor-version":[{"id":54192,"href":"http:\/\/portalcatolico.net\/portal\/wp-json\/wp\/v2\/posts\/54190\/revisions\/54192"}],"wp:featuredmedia":[{"embeddable":true,"href":"http:\/\/portalcatolico.net\/portal\/wp-json\/wp\/v2\/media\/54191"}],"wp:attachment":[{"href":"http:\/\/portalcatolico.net\/portal\/wp-json\/wp\/v2\/media?parent=54190"}],"wp:term":[{"taxonomy":"category","embeddable":true,"href":"http:\/\/portalcatolico.net\/portal\/wp-json\/wp\/v2\/categories?post=54190"},{"taxonomy":"post_tag","embeddable":true,"href":"http:\/\/portalcatolico.net\/portal\/wp-json\/wp\/v2\/tags?post=54190"}],"curies":[{"name":"wp","href":"https:\/\/api.w.org\/{rel}","templated":true}]}}