{"id":54182,"date":"2018-04-12T18:33:37","date_gmt":"2018-04-12T21:33:37","guid":{"rendered":"http:\/\/portalcatolico.net\/portal\/?p=54182"},"modified":"2018-04-12T18:40:24","modified_gmt":"2018-04-12T21:40:24","slug":"salvador-capuchinhos-da-bahia-e-sergipe-encontram-se-em-retiro-espiritual","status":"publish","type":"post","link":"http:\/\/portalcatolico.net\/portal\/salvador-capuchinhos-da-bahia-e-sergipe-encontram-se-em-retiro-espiritual\/","title":{"rendered":"SALVADOR: CAPUCHINHOS DA BAHIA E SERGIPE ENCONTRAM-SE EM RETIRO ESPIRITUAL"},"content":{"rendered":"<div class=\"text common-text text-size-5\">\n<p>Desde o dia 09 de abril, no Centro de Treinamento de L\u00edderes, em Itapu\u00e3-Salvador, os Frades Capuchinhos da Bahia e Sergipe est\u00e3o reunidos em seu Retiro Provincial.<\/p>\n<p>O retiro \u00e9 uma necess\u00e1ria parada nas atividades cotidianas e rotineiras dos frades, para assim, evitando o ativismo e focando-se na espiritualidade, os confrades alimentem sua vida de ora\u00e7\u00e3o pessoal e comunit\u00e1ria, como pede as Constitui\u00e7\u00f5es da Ordem dos Capuchinhos.<\/p>\n<p>O retiro tem como pregador o Bispo Auxiliar da Arquidiocese de S\u00e3o Salvador da Bahia, Dom Marco Eug\u00eanio Galr\u00e3o Leite de Almeida, que tem abordado de forma muito din\u00e2mica e espirituosa o tema da espiritualidade na vida de ora\u00e7\u00e3o e sacramental.<\/p>\n<p>Na noite desta quarta-feira os frades ter\u00e3o uma celebra\u00e7\u00e3o penitencial. O retiro ser\u00e1 encerrado amanh\u00e3 (12), ao meio dia.<\/p>\n<p>Tamb\u00e9m amanh\u00e3 acontecer\u00e1 o encontro dos Pastoralistas da Prov\u00edncia, no Centro de Treinamento de L\u00edderes. O Ministro Provincial pede e recomenda a ora\u00e7\u00e3o de todos os amigos e benfeitores dos frades.<\/p>\n<\/div>\n<div class=\"font text-size-5\">\n<p>Foto:Divulga\u00e7\u00e3o<\/p>\n<p>Por Frei Elton Caires Santos (C\u00faria Provincial)<\/p>\n<p>Fonte:Capuchinhos do Brasil\/CCB<\/p>\n<\/div>\n","protected":false},"excerpt":{"rendered":"<p>Desde o dia 09 de abril, no Centro de Treinamento de L\u00edderes, em Itapu\u00e3-Salvador, os Frades Capuchinhos da Bahia e Sergipe est\u00e3o reunidos em seu Retiro Provincial. O retiro \u00e9 uma necess\u00e1ria parada nas atividades cotidianas e rotineiras dos frades, para assim, evitando o ativismo e focando-se na espiritualidade, os confrades alimentem sua vida de&nbsp;<\/p>\n<p><a class=\"btn btn-style\" href=\"http:\/\/portalcatolico.net\/portal\/salvador-capuchinhos-da-bahia-e-sergipe-encontram-se-em-retiro-espiritual\/\">Continue Reading<\/a><\/p>\n","protected":false},"author":2,"featured_media":54186,"comment_status":"open","ping_status":"open","sticky":false,"template":"","format":"standard","meta":{"footnotes":""},"categories":[2],"tags":[],"class_list":["post-54182","post","type-post","status-publish","format-standard","has-post-thumbnail","hentry","category-eventos"],"_links":{"self":[{"href":"http:\/\/portalcatolico.net\/portal\/wp-json\/wp\/v2\/posts\/54182","targetHints":{"allow":["GET"]}}],"collection":[{"href":"http:\/\/portalcatolico.net\/portal\/wp-json\/wp\/v2\/posts"}],"about":[{"href":"http:\/\/portalcatolico.net\/portal\/wp-json\/wp\/v2\/types\/post"}],"author":[{"embeddable":true,"href":"http:\/\/portalcatolico.net\/portal\/wp-json\/wp\/v2\/users\/2"}],"replies":[{"embeddable":true,"href":"http:\/\/portalcatolico.net\/portal\/wp-json\/wp\/v2\/comments?post=54182"}],"version-history":[{"count":1,"href":"http:\/\/portalcatolico.net\/portal\/wp-json\/wp\/v2\/posts\/54182\/revisions"}],"predecessor-version":[{"id":54184,"href":"http:\/\/portalcatolico.net\/portal\/wp-json\/wp\/v2\/posts\/54182\/revisions\/54184"}],"wp:featuredmedia":[{"embeddable":true,"href":"http:\/\/portalcatolico.net\/portal\/wp-json\/wp\/v2\/media\/54186"}],"wp:attachment":[{"href":"http:\/\/portalcatolico.net\/portal\/wp-json\/wp\/v2\/media?parent=54182"}],"wp:term":[{"taxonomy":"category","embeddable":true,"href":"http:\/\/portalcatolico.net\/portal\/wp-json\/wp\/v2\/categories?post=54182"},{"taxonomy":"post_tag","embeddable":true,"href":"http:\/\/portalcatolico.net\/portal\/wp-json\/wp\/v2\/tags?post=54182"}],"curies":[{"name":"wp","href":"https:\/\/api.w.org\/{rel}","templated":true}]}}