{"id":54179,"date":"2018-04-12T14:06:14","date_gmt":"2018-04-12T17:06:14","guid":{"rendered":"http:\/\/portalcatolico.net\/portal\/?p=54179"},"modified":"2018-04-12T14:06:14","modified_gmt":"2018-04-12T17:06:14","slug":"internauta-homenageia-a-paroquia-sao-boaventura-confira-a-mensagem","status":"publish","type":"post","link":"http:\/\/portalcatolico.net\/portal\/internauta-homenageia-a-paroquia-sao-boaventura-confira-a-mensagem\/","title":{"rendered":"Internauta homenageia a Par\u00f3quia S\u00e3o Boaventura. Confira a mensagem!"},"content":{"rendered":"<p style=\"font-weight: 400;\">\u201cEnfim,\u00a0\u00a0300 anos! No ano de 1978 come\u00e7ou a hist\u00f3ria da Comunidade Vila Imperial de Canavieiras, localizada no estado da Bahia. Ela come\u00e7ou na comunidade do Puxim do Sul, onde h\u00e1 uma capela com o nome do padroeiro, S\u00e3o Boaventura.<\/p>\n<p style=\"font-weight: 400;\">Centenas de pessoas na \u00e9poca, foram para o munic\u00edpio em busca de uma vida melhor na regi\u00e3o. Ent\u00e3o, no ano de 1718, o arcebispo de Salvador, Dom Sebasti\u00e3o Monteiro da Vide, declarou em 11 de abril, a Capela S\u00e3o Boaventura, em Par\u00f3quia S\u00e3o Boaventura, que neste ano de 2018, faz 300 anos de muita f\u00e9 e evangeliza\u00e7\u00e3o.<\/p>\n<p style=\"font-weight: 400;\">Apesar disso, se n\u00e3o fosse obra do Esp\u00edrito Santo, n\u00e3o ir\u00edamos aqui contar essa hist\u00f3ria. Justiniano Santana adoraria saber que a sua Par\u00f3quia completou um trajeto t\u00e3o lindo at\u00e9 aqui.<\/p>\n<p style=\"font-weight: 400;\">Padre Euvaldo fez e sempre estar\u00e1 em nossos cora\u00e7\u00f5es para sempre!<\/p>\n<p style=\"font-weight: 400;\">A not\u00edcia dos 300 anos da Par\u00f3quia j\u00e1 chegou aos estados de Minas Gerais, Esp\u00edrito Santo, Rio de Janeiro, Santa Catarina, Paran\u00e1, Par\u00e1, Amazonas, Mato Grosso do Sul, Mato Grosso, Tocantins, Distrito Federal, Sergipe, Recife, Bahia e S\u00e3o Paulo. A estimativa \u00e9 que at\u00e9 \u00e0s 18h todo o Brasil saber\u00e1 que tem um \u201ctricenten\u00e1rio\u201d comemorando anivers\u00e1rio.<\/p>\n<p style=\"font-weight: 400;\">Par\u00f3quia S\u00e3o Boaventura, 300 anos de vida e miss\u00e3o, construindo o Reino de Deus, levando a semente da evangeliza\u00e7\u00e3o!\u201d<\/p>\n<p style=\"font-weight: 400;\">Essa mensagem foi publicada pelo internauta, leitor do Portal Cat\u00f3lico, numa rede social. Ele tamb\u00e9m enviou essa mensagem para a nossa Reda\u00e7\u00e3o.<\/p>\n<p style=\"font-weight: 400;\">O Portal Cat\u00f3lico agradece a participa\u00e7\u00e3o e a homenagem desse internauta.<\/p>\n<p style=\"font-weight: 400;\">Participe voc\u00ea tamb\u00e9m do trabalho de evangeliza\u00e7\u00e3o desse Portal de Not\u00edcias. Envie sugest\u00f5es de reportagens, entrevistas, eventos para serem divulgados. Entre em contato:<br \/>\n<strong><em><u>Telefones:<\/u><\/em>\u00a0(73)9 8822-6636\/9 9134-5782\/9 8174-0250<br \/>\n<em><u>E-mail:<\/u><\/em>\u00a0<a href=\"mailto:comercial@portalcatolico.net\">contato@portalcatolico.net<\/a>\u00a0ou Valdeni Elias@gmail.com<\/strong><\/p>\n<p>S\u00e3o Boaventura, Padroeiro de Canavieiras &#8211; Foto de Cart\u00e3o Postal<\/p>\n","protected":false},"excerpt":{"rendered":"<p>\u201cEnfim,\u00a0\u00a0300 anos! No ano de 1978 come\u00e7ou a hist\u00f3ria da Comunidade Vila Imperial de Canavieiras, localizada no estado da Bahia. Ela come\u00e7ou na comunidade do Puxim do Sul, onde h\u00e1 uma capela com o nome do padroeiro, S\u00e3o Boaventura. Centenas de pessoas na \u00e9poca, foram para o munic\u00edpio em busca de uma vida melhor na&nbsp;<\/p>\n<p><a class=\"btn btn-style\" href=\"http:\/\/portalcatolico.net\/portal\/internauta-homenageia-a-paroquia-sao-boaventura-confira-a-mensagem\/\">Continue Reading<\/a><\/p>\n","protected":false},"author":2,"featured_media":54180,"comment_status":"open","ping_status":"open","sticky":false,"template":"","format":"standard","meta":{"footnotes":""},"categories":[69],"tags":[],"class_list":["post-54179","post","type-post","status-publish","format-standard","has-post-thumbnail","hentry","category-artigos"],"_links":{"self":[{"href":"http:\/\/portalcatolico.net\/portal\/wp-json\/wp\/v2\/posts\/54179","targetHints":{"allow":["GET"]}}],"collection":[{"href":"http:\/\/portalcatolico.net\/portal\/wp-json\/wp\/v2\/posts"}],"about":[{"href":"http:\/\/portalcatolico.net\/portal\/wp-json\/wp\/v2\/types\/post"}],"author":[{"embeddable":true,"href":"http:\/\/portalcatolico.net\/portal\/wp-json\/wp\/v2\/users\/2"}],"replies":[{"embeddable":true,"href":"http:\/\/portalcatolico.net\/portal\/wp-json\/wp\/v2\/comments?post=54179"}],"version-history":[{"count":1,"href":"http:\/\/portalcatolico.net\/portal\/wp-json\/wp\/v2\/posts\/54179\/revisions"}],"predecessor-version":[{"id":54181,"href":"http:\/\/portalcatolico.net\/portal\/wp-json\/wp\/v2\/posts\/54179\/revisions\/54181"}],"wp:featuredmedia":[{"embeddable":true,"href":"http:\/\/portalcatolico.net\/portal\/wp-json\/wp\/v2\/media\/54180"}],"wp:attachment":[{"href":"http:\/\/portalcatolico.net\/portal\/wp-json\/wp\/v2\/media?parent=54179"}],"wp:term":[{"taxonomy":"category","embeddable":true,"href":"http:\/\/portalcatolico.net\/portal\/wp-json\/wp\/v2\/categories?post=54179"},{"taxonomy":"post_tag","embeddable":true,"href":"http:\/\/portalcatolico.net\/portal\/wp-json\/wp\/v2\/tags?post=54179"}],"curies":[{"name":"wp","href":"https:\/\/api.w.org\/{rel}","templated":true}]}}