{"id":54175,"date":"2018-04-12T06:28:27","date_gmt":"2018-04-12T09:28:27","guid":{"rendered":"http:\/\/portalcatolico.net\/portal\/?p=54175"},"modified":"2018-04-12T06:29:50","modified_gmt":"2018-04-12T09:29:50","slug":"vem-ai-a-festa-de-sao-jorge-em-ilheus","status":"publish","type":"post","link":"http:\/\/portalcatolico.net\/portal\/vem-ai-a-festa-de-sao-jorge-em-ilheus\/","title":{"rendered":"Vem a\u00ed a Festa de S\u00e3o Jorge em Ilh\u00e9us"},"content":{"rendered":"<p class=\"m_6342444981278170296xgmail-msonospacing\"><em>A Par\u00f3quia S\u00e3o Jorge, da cidade de Ilh\u00e9us (BA), divulgou a programa\u00e7\u00e3o\u00a0\u00a0das festividades do seu padroeiro. As homenagens acontecem de 14 a 23 de abril, e este ano, as comemora\u00e7\u00f5es t\u00eam como tema central a ser refletido: \u201cCrist\u00e3os leigos e leigas, sujeitos na Igreja em sa\u00edda, a servi\u00e7o do reino\u201d e o lema \u201cSal da Terra e Luz do mundo\u201d.<u><\/u><u><\/u><\/em><\/p>\n<p class=\"m_6342444981278170296xgmail-msonospacing\"><em>A programa\u00e7\u00e3o acontece durante toda a semana na Igreja Matriz de S\u00e3o Jorge, situada na rua Conselheiro Dantas, no centro da cidade.<\/em><u><\/u><u><\/u><\/p>\n<p class=\"m_6342444981278170296xgmail-msonospacing\"><em>O grande dia festivo\u00a0\u00a0ser\u00e1\u00a0na\u00a0segunda-<wbr \/>feira, 23. E a programa\u00e7\u00e3o come\u00e7a bem cedo, \u00e0s 5h com a Alvorada. \u00c0s 7h, tem a Santa\u00a0\u00a0Missa das Inten\u00e7\u00f5es, \u00e0s 10h tem Missa Solene e \u00e0s 17h, Caminhada de f\u00e9 com a Imagem do Santo pelas ruas\u00a0\u00a0e avenidas do centro de Ilh\u00e9us e a finaliza\u00e7\u00e3o com a ben\u00e7\u00e3o do Sant\u00edssimo Sacramento.<u><\/u><u><\/u><\/em><\/p>\n<p class=\"m_6342444981278170296xgmail-msonospacing\"><em>Se programe e participe desta linda festa!<u><\/u><u><\/u><\/em><\/p>\n<p class=\"m_6342444981278170296xgmail-msonospacing\"><i><u><\/u>\u00a0<u><\/u><\/i><\/p>\n<p class=\"m_6342444981278170296xgmail-msonospacing\"><em><b>Hist\u00f3ria de S\u00e3o Jorge\u00a0<\/b><\/em><b><i><u><\/u><u><\/u><\/i><\/b><\/p>\n<p class=\"m_6342444981278170296xgmail-msonospacing\"><em>S\u00e3o Jorge foi, de acordo com a tradi\u00e7\u00e3o cat\u00f3lica, foi um\u00a0soldado romano\u00a0do ex\u00e9rcito do\u00a0imperador\u00a0Diocleciano, venerado, tempos depois, como\u00a0m\u00e1rtir crist\u00e3o. Na\u00a0hagiografia\u00a0(estudo sobre a vida dos santos e seus atos heroicos), S\u00e3o Jorge \u00e9 um dos santos mais venerados (tanto pela\u00a0Igreja Cat\u00f3lica Romana\u00a0quanto pela chamada\u00a0Igreja Ortodoxa). O santo padroeiro em diversas partes do mundo \u00e9 imortalizado na lenda em que mata o\u00a0drag\u00e3o.<\/em><u><\/u><u><\/u><\/p>\n<p class=\"m_6342444981278170296xgmail-msonospacing\"><em>H\u00e1 uma tradi\u00e7\u00e3o que aponta o ano\u00a0303\u00a0como ano da sua morte. Apesar de sua hist\u00f3ria se basear em documentos lend\u00e1rios\u00a0ap\u00f3crifos, a devo\u00e7\u00e3o a S\u00e3o Jorge se espalhou por todo o mundo.<\/em><\/p>\n<p class=\"m_6342444981278170296xgmail-msonospacing\">Foto:Divulga\u00e7\u00e3o<\/p>\n<p>Por:Reda\u00e7\u00e3o Portal Cat\u00f3lico.net<\/p>\n","protected":false},"excerpt":{"rendered":"<p>A Par\u00f3quia S\u00e3o Jorge, da cidade de Ilh\u00e9us (BA), divulgou a programa\u00e7\u00e3o\u00a0\u00a0das festividades do seu padroeiro. As homenagens acontecem de 14 a 23 de abril, e este ano, as comemora\u00e7\u00f5es t\u00eam como tema central a ser refletido: \u201cCrist\u00e3os leigos e leigas, sujeitos na Igreja em sa\u00edda, a servi\u00e7o do reino\u201d e o lema \u201cSal da&nbsp;<\/p>\n<p><a class=\"btn btn-style\" href=\"http:\/\/portalcatolico.net\/portal\/vem-ai-a-festa-de-sao-jorge-em-ilheus\/\">Continue Reading<\/a><\/p>\n","protected":false},"author":2,"featured_media":54176,"comment_status":"open","ping_status":"open","sticky":false,"template":"","format":"standard","meta":{"footnotes":""},"categories":[1],"tags":[],"class_list":["post-54175","post","type-post","status-publish","format-standard","has-post-thumbnail","hentry","category-agenda"],"_links":{"self":[{"href":"http:\/\/portalcatolico.net\/portal\/wp-json\/wp\/v2\/posts\/54175","targetHints":{"allow":["GET"]}}],"collection":[{"href":"http:\/\/portalcatolico.net\/portal\/wp-json\/wp\/v2\/posts"}],"about":[{"href":"http:\/\/portalcatolico.net\/portal\/wp-json\/wp\/v2\/types\/post"}],"author":[{"embeddable":true,"href":"http:\/\/portalcatolico.net\/portal\/wp-json\/wp\/v2\/users\/2"}],"replies":[{"embeddable":true,"href":"http:\/\/portalcatolico.net\/portal\/wp-json\/wp\/v2\/comments?post=54175"}],"version-history":[{"count":2,"href":"http:\/\/portalcatolico.net\/portal\/wp-json\/wp\/v2\/posts\/54175\/revisions"}],"predecessor-version":[{"id":54178,"href":"http:\/\/portalcatolico.net\/portal\/wp-json\/wp\/v2\/posts\/54175\/revisions\/54178"}],"wp:featuredmedia":[{"embeddable":true,"href":"http:\/\/portalcatolico.net\/portal\/wp-json\/wp\/v2\/media\/54176"}],"wp:attachment":[{"href":"http:\/\/portalcatolico.net\/portal\/wp-json\/wp\/v2\/media?parent=54175"}],"wp:term":[{"taxonomy":"category","embeddable":true,"href":"http:\/\/portalcatolico.net\/portal\/wp-json\/wp\/v2\/categories?post=54175"},{"taxonomy":"post_tag","embeddable":true,"href":"http:\/\/portalcatolico.net\/portal\/wp-json\/wp\/v2\/tags?post=54175"}],"curies":[{"name":"wp","href":"https:\/\/api.w.org\/{rel}","templated":true}]}}