{"id":54171,"date":"2018-04-11T20:34:11","date_gmt":"2018-04-11T23:34:11","guid":{"rendered":"http:\/\/portalcatolico.net\/portal\/?p=54171"},"modified":"2018-04-11T20:34:45","modified_gmt":"2018-04-11T23:34:45","slug":"em-aparecida-tem-inicio-a-56a-assembleia-geral","status":"publish","type":"post","link":"http:\/\/portalcatolico.net\/portal\/em-aparecida-tem-inicio-a-56a-assembleia-geral\/","title":{"rendered":"Em Aparecida, tem in\u00edcio a 56a. Assembleia Geral"},"content":{"rendered":"<p>\u00c0s 9h15 desta quarta-feira \u00a0(11), come\u00e7ou, oficialmente, a 56a. Assembleia Geral da Confer\u00eancia Nacional dos Bispos do Brasil (CNBB). O Centro de Eventos Pe. V\u00edtor Coelho de Almeida, no p\u00e1tio do Santu\u00e1rio Nacional de Nossa Senhora Aparecida recebe o episcopado brasileiro que conta, atualmente, com mais de 300 bispos. Todo o trabalho de prepara\u00e7\u00e3o para o encontro foi realizado sob a coordena\u00e7\u00e3o do secret\u00e1rio-geral, dom Leonardo Steiner, que ser\u00e1 substitu\u00eddo no comando da reuni\u00e3o por dom Esmeraldo Farias, bispo auxiliar de S\u00e3o Lu\u00eds (MA).<\/p>\n<p><strong>A estrutura<\/strong><\/p>\n<p>Colaboradores da CNBB Matriz trabalharam v\u00e1rios meses para deixar prontos todos os documentos, o material de suporte e a log\u00edstica para o encontro. Sob a coordena\u00e7\u00e3o do\u00a0P. Ant\u00f4nio Silva da Paix\u00e3o, a equipe do Centro de Eventos se esmerou para deixar um espa\u00e7o simples, mas iluminado e confort\u00e1vel para que os bispos possam enfrentar jornadas pesadas de trabalho. O plen\u00e1rio, adaptado no centro da quadra poliesportiva foi formatado de modo que todos os participantes tenham uma vis\u00e3o clara da mesa de coordena\u00e7\u00e3o dos trabalhos.<\/p>\n<p>Na parte subterr\u00e2nea do Centro de Eventos ficam localizadas as salas de trabalho para os grupos e o espa\u00e7o onde os bispos podem conviver nos intervalos. H\u00e1 ainda capela, escrit\u00f3rios e outras instala\u00e7\u00f5es necess\u00e1rias para o funcionamento do encontro. A secretaria t\u00e9cnica da CNBB tem representantes com plant\u00e3o permanente na assembleia. Al\u00e9m disso, h\u00e1 um suporte de funcion\u00e1rios que ajuda na execu\u00e7\u00e3o dos servi\u00e7os de TI e de reprografia.<\/p>\n<p>Subsecret\u00e1rio Adjunto\u00a0de Pastoral, Pe. Deusmar Jesus da Silva, coordenou a prepara\u00e7\u00e3o de encaminhamento da pauta oficial votada pelo Conselho Permanente da CNBB, em outubro de 2017. Coube a ele, a orienta\u00e7\u00e3o do secret\u00e1rio-geral, a organiza\u00e7\u00e3o da pauta dos dias que os bispos estar\u00e3o reunidos em Aparecida.<\/p>\n<p><strong>Temas da assembleia<\/strong><\/p>\n<p>O tema central ser\u00e1: \u201cDiretrizes para a Forma\u00e7\u00e3o dos Presb\u00edteros da Igreja no Brasil\u201d. Al\u00e9m desse assunto, os bispos v\u00e3o tratar de v\u00e1rios outros temas. Entre eles, est\u00e3o: Texto sobre novas comunidades, Estatutos da CNBB, Pensando o Brasil: Estado laico, Ano do Laicato, S\u00ednodo da Pan-Amaz\u00f4nia e indica\u00e7\u00f5es para as Diretrizes Gerais da A\u00e7\u00e3o Evangelizadora da Igreja no Brasil (DGAE) que ser\u00e3o renovadas em 2019.<\/p>\n<p><strong>Pauta do dia<\/strong><\/p>\n<p>Al\u00e9m da missa e da abertura solene, transmitidas pelas TVs de inspira\u00e7\u00e3o cat\u00f3lica, os bispos se ocupar\u00e3o nesta quarta-feira, 11 de abril, com algumas tarefas estatut\u00e1rias antes de come\u00e7arem os debates. A principal destas tarefas ser\u00e1 a apresenta\u00e7\u00e3o do relat\u00f3rio da presid\u00eancia sobre as atividades desde a \u00faltima assembleia geral, em maio do ano passado. O Cardeal Sergio da Rocha vai apresentar aos bispos os principais encontros e pronunciamentos da Confer\u00eancia no \u00faltimo ano.<\/p>\n<p>Consta ainda das tarefas do dia apresenta\u00e7\u00e3o de uma an\u00e1lise de conjuntura eclesial e os primeiros informes sobre os pr\u00f3ximos s\u00ednodos: dos jovens e da Pan-Amaz\u00f4nia.<\/p>\n<p>Fonte: CNBB<\/p>\n","protected":false},"excerpt":{"rendered":"<p>\u00c0s 9h15 desta quarta-feira \u00a0(11), come\u00e7ou, oficialmente, a 56a. Assembleia Geral da Confer\u00eancia Nacional dos Bispos do Brasil (CNBB). O Centro de Eventos Pe. V\u00edtor Coelho de Almeida, no p\u00e1tio do Santu\u00e1rio Nacional de Nossa Senhora Aparecida recebe o episcopado brasileiro que conta, atualmente, com mais de 300 bispos. Todo o trabalho de prepara\u00e7\u00e3o para&nbsp;<\/p>\n<p><a class=\"btn btn-style\" href=\"http:\/\/portalcatolico.net\/portal\/em-aparecida-tem-inicio-a-56a-assembleia-geral\/\">Continue Reading<\/a><\/p>\n","protected":false},"author":2,"featured_media":54172,"comment_status":"open","ping_status":"open","sticky":false,"template":"","format":"standard","meta":{"footnotes":""},"categories":[2],"tags":[],"class_list":["post-54171","post","type-post","status-publish","format-standard","has-post-thumbnail","hentry","category-eventos"],"_links":{"self":[{"href":"http:\/\/portalcatolico.net\/portal\/wp-json\/wp\/v2\/posts\/54171","targetHints":{"allow":["GET"]}}],"collection":[{"href":"http:\/\/portalcatolico.net\/portal\/wp-json\/wp\/v2\/posts"}],"about":[{"href":"http:\/\/portalcatolico.net\/portal\/wp-json\/wp\/v2\/types\/post"}],"author":[{"embeddable":true,"href":"http:\/\/portalcatolico.net\/portal\/wp-json\/wp\/v2\/users\/2"}],"replies":[{"embeddable":true,"href":"http:\/\/portalcatolico.net\/portal\/wp-json\/wp\/v2\/comments?post=54171"}],"version-history":[{"count":2,"href":"http:\/\/portalcatolico.net\/portal\/wp-json\/wp\/v2\/posts\/54171\/revisions"}],"predecessor-version":[{"id":54174,"href":"http:\/\/portalcatolico.net\/portal\/wp-json\/wp\/v2\/posts\/54171\/revisions\/54174"}],"wp:featuredmedia":[{"embeddable":true,"href":"http:\/\/portalcatolico.net\/portal\/wp-json\/wp\/v2\/media\/54172"}],"wp:attachment":[{"href":"http:\/\/portalcatolico.net\/portal\/wp-json\/wp\/v2\/media?parent=54171"}],"wp:term":[{"taxonomy":"category","embeddable":true,"href":"http:\/\/portalcatolico.net\/portal\/wp-json\/wp\/v2\/categories?post=54171"},{"taxonomy":"post_tag","embeddable":true,"href":"http:\/\/portalcatolico.net\/portal\/wp-json\/wp\/v2\/tags?post=54171"}],"curies":[{"name":"wp","href":"https:\/\/api.w.org\/{rel}","templated":true}]}}