{"id":54161,"date":"2018-04-28T08:24:32","date_gmt":"2018-04-28T11:24:32","guid":{"rendered":"http:\/\/portalcatolico.net\/portal\/?p=54161"},"modified":"2018-04-28T08:40:56","modified_gmt":"2018-04-28T11:40:56","slug":"vem-ai-o-ii-congresso-eucaristico-em-canavieiras","status":"publish","type":"post","link":"http:\/\/portalcatolico.net\/portal\/vem-ai-o-ii-congresso-eucaristico-em-canavieiras\/","title":{"rendered":"Vem a\u00ed o II Congresso Eucar\u00edstico em Canavieiras"},"content":{"rendered":"<div dir=\"auto\"><i>Em\u00a0\u00a0comemora\u00e7\u00e3o\u00a0aos 300 anos de funda\u00e7\u00e3o e evangeliza\u00e7\u00e3o da Par\u00f3quia de s\u00e3o Boaventura em\u00a0<\/i><i>Canavieiras<\/i><i>\u00a0(BA), vai ser realizado neste m\u00eas de abril, o\u00a0<\/i><i>II<\/i><i>\u00a0Congresso\u00a0<\/i><i>Eucar\u00edstico<\/i><i>.\u00a0<\/i><\/div>\n<div dir=\"auto\">\n<p><i>A Par\u00f3quia s\u00e3o Boaventura foi criada em 11 de abril de 1718, e desde 2015, a comunidade cat\u00f3lica vem se organizando com o objetivo de celebrar<\/i>\u00a0a data marcante.<\/p>\n<div class=\"yj6qo ajU\">\n<div id=\":pa\" class=\"ajR\" tabindex=\"0\" data-tooltip=\"Ocultar conte\u00fado expandido\"><img decoding=\"async\" class=\"ajT\" src=\"https:\/\/ssl.gstatic.com\/ui\/v1\/icons\/mail\/images\/cleardot.gif\" \/><\/div>\n<\/div>\n<div class=\"adL\"><i>Segundo relatos de historiadores, a imagem de S\u00e3o Boaventura, medindo quase 90 cm, em madeira do tipo cedro, em estilo barroco portugu\u00eas, foi encontrada nas praias do Poxim, hoje distrito do munic\u00edpio, por pescadores que ali moravam. Acreditam que essa imagem fazia parte de alguma nau portuguesa ou italiana, j\u00e1 que era comum na \u00e9poca, cada nau ter seu santo protetor e por motivo de naufr\u00e1gio tenha flutuado pelo mar, sendo levada pelas correntes mar\u00edtimas at\u00e9 a costa do atual munic\u00edpio de Canavieiras.\u00a0<\/i><\/div>\n<\/div>\n<div class=\"adL\">\n<div dir=\"auto\"><\/div>\n<div dir=\"auto\" style=\"text-align: center;\"><i>\u00a0<\/i><i><b>Confira a Programa\u00e7\u00e3o<\/b><\/i><\/div>\n<div dir=\"auto\"><\/div>\n<div dir=\"auto\"><i>Tema: &#8220;300 anos de f\u00e9 e evangeliza\u00e7\u00e3o sustentados pela a Eucaristia<\/i>&#8220;<\/div>\n<\/div>\n<div class=\"adL\">\n<div class=\"adm\"><\/div>\n<div class=\"im\">\n<div dir=\"auto\"><i>Lema: \u201dEu vos escolhi e os destinei para da frutos, e que estes permane\u00e7am.\u201d(JO 16,16).<\/i><\/div>\n<div dir=\"auto\"><i><strong>29\/04\/18- Domingo<\/strong>: Atividades do II Congresso Eucar\u00edstico<\/i><\/div>\n<div dir=\"auto\"><i>6h- Alvorada com repicar de sinos<\/i><\/div>\n<div dir=\"auto\"><i>7h-Santa Missa- presidida por Pe. Euvaldo Santana da Silva.<\/i><\/div>\n<div dir=\"auto\"><i>8h-Arrast\u00e3o Jovem (despertar a cidade para o inicio dos festejos dos 300 anos)<\/i><\/div>\n<div dir=\"auto\"><i>17h-Carreata para receber s\u00e3o Boaventura\u00a0\u00a0na entrada da cidade.<\/i><\/div>\n<div dir=\"auto\"><i>18h-Santa Missa concelebrada por Pe. Reinaldo Reis de\u00a0\u00a0Oliveira e Frei D\u00edlson.<\/i><\/div>\n<div dir=\"auto\"><i>Tema: \u201cEucaristia\u00a0\u00a0p\u00e3o vivo descido do c\u00e9u.\u201d<\/i><\/div>\n<div dir=\"auto\"><i>19h- Momento cultural: Apresenta\u00e7\u00e3o das filarm\u00f4nicas: Lira do comercio 2 de janeiro<\/i><\/div>\n<div dir=\"auto\"><i>\u00a0<\/i><\/div>\n<div dir=\"auto\"><i><strong>30\/04-18-segunda-feira<\/strong>&#8211; Atividades do II Congresso Eucar\u00edstico<\/i><\/div>\n<div dir=\"auto\"><i>8h-Adora\u00e7ao e reflex\u00f5es nas comunidades<\/i><\/div>\n<div dir=\"auto\"><i>19h-Santa Missa concelebrada por Pe. Wesley da Concei\u00e7\u00e3o do Carmo e Pe. Badacer Ramos Oliveira Neto.<\/i><\/div>\n<div dir=\"auto\"><i>Tema:\u201d Eucaristia: Fonte e \u00e1pice da miss\u00e3o da Igreja.\u201d<\/i><\/div>\n<div dir=\"auto\"><i>20h-Momento Cultural: Cena curta \u201cTenta\u00e7\u00e3o\u201d\u00a0\u00a0\u00a0\u00a0\u00a0\u00a0\u00a0\u00a0<\/i><\/div>\n<div dir=\"auto\"><i>\u00a0<\/i><\/div>\n<div dir=\"auto\"><i>\u00a0<\/i><\/div>\n<div dir=\"auto\"><i>0<strong>1\/05\/18-ter\u00e7a-feira<\/strong>: Atividade do II Congresso Eucar\u00edstico<\/i><\/div>\n<div dir=\"auto\"><i>8h-Adoracao e reflex\u00f5es nas comunidades<\/i><\/div>\n<div dir=\"auto\"><i>19h-Santa Missa concelebrada pelo Pe. Badacer Ramos Oliveira Neto, Pe. Jos\u00e9 Nunes Cardoso<\/i><\/div>\n<div dir=\"auto\"><i>Tema:\u201d Eucaristia: Cristo se perpetua eternamente: Fazei isto em memoria de mim.\u201d<\/i><\/div>\n<div dir=\"auto\"><i>2oh-Momento cultural: Exalta\u00e7\u00e3o a Maria.<\/i><\/div>\n<div dir=\"auto\"><i>\u00a0<\/i><\/div>\n<div dir=\"auto\"><i><strong>02\/05\/18-quarta-feira<\/strong>:<wbr \/>Atividade do II Congresso Eucar\u00edstico<\/i><\/div>\n<div dir=\"auto\"><i>8h-Adora\u00e7ao e reflex\u00f5es Eucar\u00edstica nas\u00a0\u00a0comunidades<\/i><\/div>\n<div dir=\"auto\"><i>19h-Sanat Missa presidida da por Dom Jose Edson Santana Oliveira, bispo da Diocese de Eun\u00e1polis (BA).<\/i><\/div>\n<div dir=\"auto\"><i>Tema: Eucaristia: \u201cMist\u00e9rio da nossa f\u00e9.\u201d<\/i><\/div>\n<div dir=\"auto\"><i>20h-Resgate Cultural \u201cExpor 300: A Par\u00f3quia de S\u00e3o Boaventura atrav\u00e9s do tempo.\u201d<\/i><\/div>\n<div dir=\"auto\"><i>\u00a0<\/i><\/div>\n<div dir=\"auto\"><i><strong>03\/05\/18-quinta-feira<\/strong>: Atividades do II Congresso Eucar\u00edstico<\/i><\/div>\n<div dir=\"auto\"><i>8h-Adora\u00e7ao e reflex\u00f5es eucar\u00edstica na comunidades<\/i><\/div>\n<div dir=\"auto\"><i>19h-Santa Missa presidida por Dom Mauro Mongtonoli, CSS, bispo da Diocese de Ilh\u00e9us.<\/i><\/div>\n<div dir=\"auto\"><i>Tema:\u201d Eucaristia luz e vida do mundo.\u201d<\/i><\/div>\n<div dir=\"auto\"><i>20h-momentos cultural: Baller Pli\u00e9 com a\u00a0\u00a0apresenta\u00e7\u00e3o \u201c Almas para o Reino de Deus.\u201d<\/i><\/div>\n<div dir=\"auto\"><i>\u00a0<\/i><\/div>\n<div dir=\"auto\"><i><strong>04\/05\/18-sexta-feira<\/strong>&#8211; Atividades do II Congresso Eucar\u00edstico<\/i><\/div>\n<div dir=\"auto\"><i>8h-Adora\u00e7ao e reflex\u00f5es\u00a0\u00a0Eucar\u00edstico nas comunidades.<\/i><\/div>\n<div dir=\"auto\"><i>19h-Santa missa\u00a0\u00a0presidida por Dom Ceslau Stanula,Css, bispo em\u00e9rito da Diocese de Itabuna.<\/i><\/div>\n<div dir=\"auto\"><i>Tema:\u201d A Igreja vive de Jesus Eucar\u00edstico, por Ele \u00e9 nutrida, por Ele \u00e9 iluminada.\u00a0\u00a0\u00a0\u00a0\u00a0\u00a0\u00a0\u00a0\u00a0<\/i><\/div>\n<div dir=\"auto\"><i>\u00a0\u00a0\u00a020h- Momento cultural: Espet\u00e1culo \u201c Cada ponto \u00e9 um conto: A historia da Par\u00f3quia de S\u00e3o Boaventura\u201d<\/i><\/div>\n<div dir=\"auto\"><i>\u00a0<\/i><\/div>\n<div dir=\"auto\"><strong><i>05\/05\/18- s\u00e1bado<\/i><\/strong><\/div>\n<div dir=\"auto\"><i>6h Repicar de Sinos e Alvorada<\/i><\/div>\n<div dir=\"auto\"><i>12h-Repicar de sinos e Alvorada<\/i><\/div>\n<div dir=\"auto\"><i>18h-Solene Missa presidida por Dom Carlos Alberto dos Santos, Bispo da Diocese de Itabuna.<\/i><\/div>\n<div dir=\"auto\"><i>20h-Show Cat\u00f3lico\u00a0\u00a0\u00a0<\/i><\/div>\n<\/div>\n<\/div>\n","protected":false},"excerpt":{"rendered":"<p>Em\u00a0\u00a0comemora\u00e7\u00e3o\u00a0aos 300 anos de funda\u00e7\u00e3o e evangeliza\u00e7\u00e3o da Par\u00f3quia de s\u00e3o Boaventura em\u00a0Canavieiras\u00a0(BA), vai ser realizado neste m\u00eas de abril, o\u00a0II\u00a0Congresso\u00a0Eucar\u00edstico.\u00a0 A Par\u00f3quia s\u00e3o Boaventura foi criada em 11 de abril de 1718, e desde 2015, a comunidade cat\u00f3lica vem se organizando com o objetivo de celebrar\u00a0a data marcante. Segundo relatos de historiadores, a imagem&nbsp;<\/p>\n<p><a class=\"btn btn-style\" href=\"http:\/\/portalcatolico.net\/portal\/vem-ai-o-ii-congresso-eucaristico-em-canavieiras\/\">Continue Reading<\/a><\/p>\n","protected":false},"author":2,"featured_media":54650,"comment_status":"open","ping_status":"open","sticky":false,"template":"","format":"standard","meta":{"footnotes":""},"categories":[1],"tags":[],"class_list":["post-54161","post","type-post","status-publish","format-standard","has-post-thumbnail","hentry","category-agenda"],"_links":{"self":[{"href":"http:\/\/portalcatolico.net\/portal\/wp-json\/wp\/v2\/posts\/54161","targetHints":{"allow":["GET"]}}],"collection":[{"href":"http:\/\/portalcatolico.net\/portal\/wp-json\/wp\/v2\/posts"}],"about":[{"href":"http:\/\/portalcatolico.net\/portal\/wp-json\/wp\/v2\/types\/post"}],"author":[{"embeddable":true,"href":"http:\/\/portalcatolico.net\/portal\/wp-json\/wp\/v2\/users\/2"}],"replies":[{"embeddable":true,"href":"http:\/\/portalcatolico.net\/portal\/wp-json\/wp\/v2\/comments?post=54161"}],"version-history":[{"count":2,"href":"http:\/\/portalcatolico.net\/portal\/wp-json\/wp\/v2\/posts\/54161\/revisions"}],"predecessor-version":[{"id":54164,"href":"http:\/\/portalcatolico.net\/portal\/wp-json\/wp\/v2\/posts\/54161\/revisions\/54164"}],"wp:featuredmedia":[{"embeddable":true,"href":"http:\/\/portalcatolico.net\/portal\/wp-json\/wp\/v2\/media\/54650"}],"wp:attachment":[{"href":"http:\/\/portalcatolico.net\/portal\/wp-json\/wp\/v2\/media?parent=54161"}],"wp:term":[{"taxonomy":"category","embeddable":true,"href":"http:\/\/portalcatolico.net\/portal\/wp-json\/wp\/v2\/categories?post=54161"},{"taxonomy":"post_tag","embeddable":true,"href":"http:\/\/portalcatolico.net\/portal\/wp-json\/wp\/v2\/tags?post=54161"}],"curies":[{"name":"wp","href":"https:\/\/api.w.org\/{rel}","templated":true}]}}