{"id":54155,"date":"2018-04-11T06:18:24","date_gmt":"2018-04-11T09:18:24","guid":{"rendered":"http:\/\/portalcatolico.net\/portal\/?p=54155"},"modified":"2018-04-11T06:20:03","modified_gmt":"2018-04-11T09:20:03","slug":"camara-de-itabuna-realizara-sessao-especial-em-homenagem-do-dia-do-jovem","status":"publish","type":"post","link":"http:\/\/portalcatolico.net\/portal\/camara-de-itabuna-realizara-sessao-especial-em-homenagem-do-dia-do-jovem\/","title":{"rendered":"C\u00c2MARA DE ITABUNA REALIZAR\u00c1 SESS\u00c3O ESPECIAL EM HOMENAGEM DO DIA DO JOVEM"},"content":{"rendered":"<p style=\"font-weight: 400;\">A C\u00e2mara Municipal de Itabuna realizar\u00e1, na noite desta sexta-feira (13), no Plenario Raymundo Lima, \u00e0s 18h30min, Sess\u00e3o Especial em homenagem aos jovens que se destacam em campos sociais e profissionais em Itabuna. Por iniciativa do Vereador Enderson Guinho (PDT) a data foi escolhida por coincidir com a comemora\u00e7\u00e3o nacional do \u201cDia do Jovem\u201d.<\/p>\n<p style=\"font-weight: 400;\">Para Enderson \u201c\u00e9 importante valorizar os jovens que se destacam em nossa regi\u00e3o atrav\u00e9s dos seus servi\u00e7os e trabalhos. \u00c9 assim que tornamos nossa sociedade verdadeira e democr\u00e1tica. Al\u00e9m disso, temos bons profissionais jovens em nossa cidade que tem o perfil empreendedor, criativo e inovador. E esses merecem ser estimulados e reconhecidos. \u00c9 atrav\u00e9s desses talentos que nossa cidade crescer\u00e1 ainda mais. Al\u00e9m disso, os jovens representam a esperan\u00e7a de um mundo melhor\u201d.<\/p>\n<p style=\"font-weight: 400;\"><strong>13 de abril, dia do jovem<\/strong>:\u00a0A juventude representa grande parte da popula\u00e7\u00e3o brasileira. Nesta fase apresentam sinais de maturidade, h\u00e1 as primeiras experi\u00eancias e escolhas que delimitar\u00e3o o futuro. Segundo a Constitui\u00e7\u00e3o Brasileira, todos os jovens t\u00eam o direito de receber do Estado: sa\u00fade, educa\u00e7\u00e3o, moradia, oportunidade de trabalho, etc. \u00c9 importante cobrar dos mesmos os direitos que est\u00e3o garantidos pela Constitui\u00e7\u00e3o Federal do pa\u00eds, pois dessa forma os jovens ter\u00e3o melhores oportunidades para suas vidas.<\/p>\n<p style=\"font-weight: 400;\"><b>Por:Assessoria de Comunica\u00e7\u00e3o Social e Marketin<\/b>g<br \/>\ndo Vereador Enderson Guinho<\/p>\n<p>&nbsp;<\/p>\n<p style=\"font-weight: 400;\">\n","protected":false},"excerpt":{"rendered":"<p>A C\u00e2mara Municipal de Itabuna realizar\u00e1, na noite desta sexta-feira (13), no Plenario Raymundo Lima, \u00e0s 18h30min, Sess\u00e3o Especial em homenagem aos jovens que se destacam em campos sociais e profissionais em Itabuna. Por iniciativa do Vereador Enderson Guinho (PDT) a data foi escolhida por coincidir com a comemora\u00e7\u00e3o nacional do \u201cDia do Jovem\u201d. Para&nbsp;<\/p>\n<p><a class=\"btn btn-style\" href=\"http:\/\/portalcatolico.net\/portal\/camara-de-itabuna-realizara-sessao-especial-em-homenagem-do-dia-do-jovem\/\">Continue Reading<\/a><\/p>\n","protected":false},"author":2,"featured_media":54156,"comment_status":"open","ping_status":"open","sticky":false,"template":"","format":"standard","meta":{"footnotes":""},"categories":[4],"tags":[],"class_list":["post-54155","post","type-post","status-publish","format-standard","has-post-thumbnail","hentry","category-destaques"],"_links":{"self":[{"href":"http:\/\/portalcatolico.net\/portal\/wp-json\/wp\/v2\/posts\/54155","targetHints":{"allow":["GET"]}}],"collection":[{"href":"http:\/\/portalcatolico.net\/portal\/wp-json\/wp\/v2\/posts"}],"about":[{"href":"http:\/\/portalcatolico.net\/portal\/wp-json\/wp\/v2\/types\/post"}],"author":[{"embeddable":true,"href":"http:\/\/portalcatolico.net\/portal\/wp-json\/wp\/v2\/users\/2"}],"replies":[{"embeddable":true,"href":"http:\/\/portalcatolico.net\/portal\/wp-json\/wp\/v2\/comments?post=54155"}],"version-history":[{"count":3,"href":"http:\/\/portalcatolico.net\/portal\/wp-json\/wp\/v2\/posts\/54155\/revisions"}],"predecessor-version":[{"id":54159,"href":"http:\/\/portalcatolico.net\/portal\/wp-json\/wp\/v2\/posts\/54155\/revisions\/54159"}],"wp:featuredmedia":[{"embeddable":true,"href":"http:\/\/portalcatolico.net\/portal\/wp-json\/wp\/v2\/media\/54156"}],"wp:attachment":[{"href":"http:\/\/portalcatolico.net\/portal\/wp-json\/wp\/v2\/media?parent=54155"}],"wp:term":[{"taxonomy":"category","embeddable":true,"href":"http:\/\/portalcatolico.net\/portal\/wp-json\/wp\/v2\/categories?post=54155"},{"taxonomy":"post_tag","embeddable":true,"href":"http:\/\/portalcatolico.net\/portal\/wp-json\/wp\/v2\/tags?post=54155"}],"curies":[{"name":"wp","href":"https:\/\/api.w.org\/{rel}","templated":true}]}}