{"id":54152,"date":"2018-04-11T06:08:15","date_gmt":"2018-04-11T09:08:15","guid":{"rendered":"http:\/\/portalcatolico.net\/portal\/?p=54152"},"modified":"2018-04-11T06:08:15","modified_gmt":"2018-04-11T09:08:15","slug":"encontro-vocacional-na-comunidade-rainha-da-paz-acontece-neste-domingo","status":"publish","type":"post","link":"http:\/\/portalcatolico.net\/portal\/encontro-vocacional-na-comunidade-rainha-da-paz-acontece-neste-domingo\/","title":{"rendered":"Encontro Vocacional na Comunidade Rainha da Paz acontece neste domingo"},"content":{"rendered":"<div dir=\"auto\"><i>A Comunidade Rainha da Paz, na Diocese de Itabuna, no sul da Bahia, inicia o ciclo de\u00a0encontros vocacionais deste ano de 2018. Neste domingo (15), haver\u00e1 o acolhimento dos vocacionados que integram o projeto da Comunidade para acompanhamento de pessoas em idade adulta, jovem, casais, vi\u00favos, entre outros. Para isso, o grupo reza junto e cada um dos presentes tem tamb\u00e9m a oportunidade de receber orienta\u00e7\u00e3o individual sobre sua voca\u00e7\u00e3o, para o \u00a0discernimento vocacional\u00a0e a escuta o chamado de Jesus Cristo.<\/i><\/div>\n<div dir=\"auto\"><i>Viver em Comunidade \u00e9 um reconhecimento do amor e da miseric\u00f3rdia de Deus.\u00a0<\/i><\/div>\n<div dir=\"auto\"><i>Fa\u00e7a a experi\u00eancia de estar em Comunidade nesse dia. Ser\u00e3o momentos para partilharmos a vida, a voca\u00e7\u00e3o, o chamado, o amor e o cuidado de Deus.<\/i><\/div>\n<div dir=\"auto\"><i>O \u00a0encontro \u00e9 para despertar a verdadeira voca\u00e7\u00e3o nos participantes, para\u00a0que saibam discernir o que Deus lhes preparou<\/i>.<\/div>\n<div dir=\"auto\"><i>Para outras informa\u00e7\u00f5es, entre em contato pelos telefones (73) 98854-4077\/99100-5106 ou 98258-7227.<\/i><\/p>\n<div class=\"yj6qo\"><\/div>\n<\/div>\n","protected":false},"excerpt":{"rendered":"<p>A Comunidade Rainha da Paz, na Diocese de Itabuna, no sul da Bahia, inicia o ciclo de\u00a0encontros vocacionais deste ano de 2018. Neste domingo (15), haver\u00e1 o acolhimento dos vocacionados que integram o projeto da Comunidade para acompanhamento de pessoas em idade adulta, jovem, casais, vi\u00favos, entre outros. Para isso, o grupo reza junto e&nbsp;<\/p>\n<p><a class=\"btn btn-style\" href=\"http:\/\/portalcatolico.net\/portal\/encontro-vocacional-na-comunidade-rainha-da-paz-acontece-neste-domingo\/\">Continue Reading<\/a><\/p>\n","protected":false},"author":2,"featured_media":54153,"comment_status":"open","ping_status":"open","sticky":false,"template":"","format":"standard","meta":{"footnotes":""},"categories":[1],"tags":[],"class_list":["post-54152","post","type-post","status-publish","format-standard","has-post-thumbnail","hentry","category-agenda"],"_links":{"self":[{"href":"http:\/\/portalcatolico.net\/portal\/wp-json\/wp\/v2\/posts\/54152","targetHints":{"allow":["GET"]}}],"collection":[{"href":"http:\/\/portalcatolico.net\/portal\/wp-json\/wp\/v2\/posts"}],"about":[{"href":"http:\/\/portalcatolico.net\/portal\/wp-json\/wp\/v2\/types\/post"}],"author":[{"embeddable":true,"href":"http:\/\/portalcatolico.net\/portal\/wp-json\/wp\/v2\/users\/2"}],"replies":[{"embeddable":true,"href":"http:\/\/portalcatolico.net\/portal\/wp-json\/wp\/v2\/comments?post=54152"}],"version-history":[{"count":1,"href":"http:\/\/portalcatolico.net\/portal\/wp-json\/wp\/v2\/posts\/54152\/revisions"}],"predecessor-version":[{"id":54154,"href":"http:\/\/portalcatolico.net\/portal\/wp-json\/wp\/v2\/posts\/54152\/revisions\/54154"}],"wp:featuredmedia":[{"embeddable":true,"href":"http:\/\/portalcatolico.net\/portal\/wp-json\/wp\/v2\/media\/54153"}],"wp:attachment":[{"href":"http:\/\/portalcatolico.net\/portal\/wp-json\/wp\/v2\/media?parent=54152"}],"wp:term":[{"taxonomy":"category","embeddable":true,"href":"http:\/\/portalcatolico.net\/portal\/wp-json\/wp\/v2\/categories?post=54152"},{"taxonomy":"post_tag","embeddable":true,"href":"http:\/\/portalcatolico.net\/portal\/wp-json\/wp\/v2\/tags?post=54152"}],"curies":[{"name":"wp","href":"https:\/\/api.w.org\/{rel}","templated":true}]}}