{"id":54149,"date":"2018-04-11T05:57:16","date_gmt":"2018-04-11T08:57:16","guid":{"rendered":"http:\/\/portalcatolico.net\/portal\/?p=54149"},"modified":"2018-04-11T05:57:16","modified_gmt":"2018-04-11T08:57:16","slug":"conselho-nacional-de-leigos-celebra-20-anos-em-aracaju","status":"publish","type":"post","link":"http:\/\/portalcatolico.net\/portal\/conselho-nacional-de-leigos-celebra-20-anos-em-aracaju\/","title":{"rendered":"Conselho Nacional de Leigos celebra 20 anos em Aracaju"},"content":{"rendered":"<p>Em Aracaju, o Conselho Nacional de Leigos (Conal) celebra em 2018 seus 20 anos de hist\u00f3ria. Para comemorar este marco, houve no \u00faltimo domingo, 8 de abril, uma programa\u00e7\u00e3o festiva no antigo Semin\u00e1rio Menor, no bairro Industrial.<\/p>\n<p>Logo pela manh\u00e3, o Arcebispo Dom Jo\u00e3o Costa presidiu uma missa em a\u00e7\u00e3o de gra\u00e7as, concelebrada pelos padres Jos\u00e9 Francisco Nunes Santos e Jos\u00e9 Lima Santana.<\/p>\n<p>Encerrada a cerim\u00f4nia, foram prestadas homenagens para aqueles que contribu\u00edram com o surgimento, evolu\u00e7\u00e3o e consolida\u00e7\u00e3o do Conal.<\/p>\n<p>&#8220;O Conal sempre foi uma presen\u00e7a ativa na miss\u00e3o evangelizadora da Arquidiocese. Como instrumento de transforma\u00e7\u00e3o da sociedade, denunciamos injusti\u00e7as, defendemos os pobres nas lutas por moradia e terra&#8221;, pontuou Paulo Machado, presidente do organismo.<\/p>\n<p>Segundo Paulo Machado, o Conselho Nacional de Leigos est\u00e1 \u00e0 frente da organiza\u00e7\u00e3o de um encontro de forma\u00e7\u00e3o, agendado para os dias 28 e 19 deste m\u00eas, no Semin\u00e1rio Maior, sobre o Documento 105 da CNBB. Cada um dos movimentos e pastorais da Arquidiocese est\u00e1 sendo motivado a levar pelos menos cinco representantes.<\/p>\n<p>Os registros desse \u00f3rg\u00e3o revelam que em abril de 1998, o engenheiro Cl\u00e1udio Messias Barreto, apoiado por alguns leigos, obteve a aprova\u00e7\u00e3o e a b\u00ean\u00e7\u00e3o do ent\u00e3o Arcebispo Dom Jos\u00e9 Palmeira Lessa para colocar em pr\u00e1tica o movimento eclesial, que se tornaria um dos principais da Igreja particular de Aracaju. (LMI)<\/p>\n<p>Com informa\u00e7\u00f5es da CNBB e Gaudium Press<\/p>\n<p>&nbsp;<\/p>\n","protected":false},"excerpt":{"rendered":"<p>Em Aracaju, o Conselho Nacional de Leigos (Conal) celebra em 2018 seus 20 anos de hist\u00f3ria. Para comemorar este marco, houve no \u00faltimo domingo, 8 de abril, uma programa\u00e7\u00e3o festiva no antigo Semin\u00e1rio Menor, no bairro Industrial. Logo pela manh\u00e3, o Arcebispo Dom Jo\u00e3o Costa presidiu uma missa em a\u00e7\u00e3o de gra\u00e7as, concelebrada pelos padres&nbsp;<\/p>\n<p><a class=\"btn btn-style\" href=\"http:\/\/portalcatolico.net\/portal\/conselho-nacional-de-leigos-celebra-20-anos-em-aracaju\/\">Continue Reading<\/a><\/p>\n","protected":false},"author":2,"featured_media":54150,"comment_status":"open","ping_status":"open","sticky":false,"template":"","format":"standard","meta":{"footnotes":""},"categories":[3],"tags":[],"class_list":["post-54149","post","type-post","status-publish","format-standard","has-post-thumbnail","hentry","category-noticias_regionais"],"_links":{"self":[{"href":"http:\/\/portalcatolico.net\/portal\/wp-json\/wp\/v2\/posts\/54149","targetHints":{"allow":["GET"]}}],"collection":[{"href":"http:\/\/portalcatolico.net\/portal\/wp-json\/wp\/v2\/posts"}],"about":[{"href":"http:\/\/portalcatolico.net\/portal\/wp-json\/wp\/v2\/types\/post"}],"author":[{"embeddable":true,"href":"http:\/\/portalcatolico.net\/portal\/wp-json\/wp\/v2\/users\/2"}],"replies":[{"embeddable":true,"href":"http:\/\/portalcatolico.net\/portal\/wp-json\/wp\/v2\/comments?post=54149"}],"version-history":[{"count":1,"href":"http:\/\/portalcatolico.net\/portal\/wp-json\/wp\/v2\/posts\/54149\/revisions"}],"predecessor-version":[{"id":54151,"href":"http:\/\/portalcatolico.net\/portal\/wp-json\/wp\/v2\/posts\/54149\/revisions\/54151"}],"wp:featuredmedia":[{"embeddable":true,"href":"http:\/\/portalcatolico.net\/portal\/wp-json\/wp\/v2\/media\/54150"}],"wp:attachment":[{"href":"http:\/\/portalcatolico.net\/portal\/wp-json\/wp\/v2\/media?parent=54149"}],"wp:term":[{"taxonomy":"category","embeddable":true,"href":"http:\/\/portalcatolico.net\/portal\/wp-json\/wp\/v2\/categories?post=54149"},{"taxonomy":"post_tag","embeddable":true,"href":"http:\/\/portalcatolico.net\/portal\/wp-json\/wp\/v2\/tags?post=54149"}],"curies":[{"name":"wp","href":"https:\/\/api.w.org\/{rel}","templated":true}]}}