{"id":54145,"date":"2018-04-10T20:19:30","date_gmt":"2018-04-10T23:19:30","guid":{"rendered":"http:\/\/portalcatolico.net\/portal\/?p=54145"},"modified":"2018-04-10T20:19:30","modified_gmt":"2018-04-10T23:19:30","slug":"missionario-brasileiro-destaca-paternidade-de-francisco","status":"publish","type":"post","link":"http:\/\/portalcatolico.net\/portal\/missionario-brasileiro-destaca-paternidade-de-francisco\/","title":{"rendered":"Mission\u00e1rio brasileiro destaca &#8220;paternidade&#8221; de Francisco"},"content":{"rendered":"<div class=\"article__subTitle\">Na audi\u00eancia do Papa com os mission\u00e1rios da miseric\u00f3rdia, estava o brasileiro Raphael Silva Maciel, da Arquidiocese de Fortaleza.<\/div>\n<div class=\"title__separator\"><\/div>\n<div class=\"article__text\">\n<p>Encerra-se na quarta-feira (11\/04) a jornada de reflex\u00e3o e catequeses proposta pelo Pontif\u00edcio Conselho para a Promo\u00e7\u00e3o da Nova Evangeliza\u00e7\u00e3o aos mission\u00e1rios da miseric\u00f3rdia.<\/p>\n<p>Durante cinco dias, mais de 550 sacerdotes, dos cinco continentes, ouviram catequeses, ofereceram testemunhos sobre as atividades pastorais desenvolvidas nas pr\u00f3prias dioceses e puderam celebrar o sacramento da reconcilia\u00e7\u00e3o, cora\u00e7\u00e3o deste minist\u00e9rio especial confiado pelo Papa.<\/p>\n<p>O mission\u00e1rio da miseric\u00f3rdia \u00e9 um sacerdote (bispo em\u00e9rito ou padre) que \u00e9 nomeado pelo Pont\u00edfice para ser promotor da Miseric\u00f3rdia de Deus por alguns meios que lhe s\u00e3o espec\u00edficos: pregar em miss\u00f5es populares sobre o tema da miseric\u00f3rdia e incentivar a busca pelo Sacramento da Reconcilia\u00e7\u00e3o. No mundo,\u00a0s\u00e3o cerca de 900. Estes sacerdotes t\u00eam o poder de perdoar pecados que s\u00e3o reservados ao Papa.<\/p>\n<p>E que s\u00e3o cinco, de acordo com direito can\u00f4nico: a profana\u00e7\u00e3o das esp\u00e9cies consagradas (Eucaristia), a viol\u00eancia f\u00edsica contra o Papa, a ordena\u00e7\u00e3o episcopal sem o mandato pontif\u00edcio, a tentativa da absolvi\u00e7\u00e3o do c\u00famplice no pecado contra o sexto mandamento e a viola\u00e7\u00e3o direta do segredo de confiss\u00e3o.<\/p>\n<p>O Padre\u00a0<b>Raphael Silva Maciel<\/b>, da Arquidiocese de Fortaleza, participou desta jornada e logo ap\u00f3s a audi\u00eancia com o Santo Padre deu o seguinte testemunho ao Vatican News:<\/p>\n<audio class=\"wp-audio-shortcode\" id=\"audio-54145-1\" preload=\"none\" style=\"width: 100%;\" controls=\"controls\"><source type=\"audio\/mpeg\" src=\"http:\/\/portalcatolico.net\/portal\/wp-content\/uploads\/2018\/04\/134375483_F134375483.mp3?_=1\" \/><a href=\"http:\/\/portalcatolico.net\/portal\/wp-content\/uploads\/2018\/04\/134375483_F134375483.mp3\">http:\/\/portalcatolico.net\/portal\/wp-content\/uploads\/2018\/04\/134375483_F134375483.mp3<\/a><\/audio>\n<p>Por: Bianca Fraccalvieri<\/p>\n<p>&nbsp;<\/p>\n<\/div>\n","protected":false},"excerpt":{"rendered":"<p>Na audi\u00eancia do Papa com os mission\u00e1rios da miseric\u00f3rdia, estava o brasileiro Raphael Silva Maciel, da Arquidiocese de Fortaleza. Encerra-se na quarta-feira (11\/04) a jornada de reflex\u00e3o e catequeses proposta pelo Pontif\u00edcio Conselho para a Promo\u00e7\u00e3o da Nova Evangeliza\u00e7\u00e3o aos mission\u00e1rios da miseric\u00f3rdia. Durante cinco dias, mais de 550 sacerdotes, dos cinco continentes, ouviram catequeses,&nbsp;<\/p>\n<p><a class=\"btn btn-style\" href=\"http:\/\/portalcatolico.net\/portal\/missionario-brasileiro-destaca-paternidade-de-francisco\/\">Continue Reading<\/a><\/p>\n","protected":false},"author":2,"featured_media":54147,"comment_status":"open","ping_status":"open","sticky":false,"template":"","format":"standard","meta":{"footnotes":""},"categories":[5],"tags":[],"class_list":["post-54145","post","type-post","status-publish","format-standard","has-post-thumbnail","hentry","category-igreja_no_mundo"],"_links":{"self":[{"href":"http:\/\/portalcatolico.net\/portal\/wp-json\/wp\/v2\/posts\/54145","targetHints":{"allow":["GET"]}}],"collection":[{"href":"http:\/\/portalcatolico.net\/portal\/wp-json\/wp\/v2\/posts"}],"about":[{"href":"http:\/\/portalcatolico.net\/portal\/wp-json\/wp\/v2\/types\/post"}],"author":[{"embeddable":true,"href":"http:\/\/portalcatolico.net\/portal\/wp-json\/wp\/v2\/users\/2"}],"replies":[{"embeddable":true,"href":"http:\/\/portalcatolico.net\/portal\/wp-json\/wp\/v2\/comments?post=54145"}],"version-history":[{"count":1,"href":"http:\/\/portalcatolico.net\/portal\/wp-json\/wp\/v2\/posts\/54145\/revisions"}],"predecessor-version":[{"id":54148,"href":"http:\/\/portalcatolico.net\/portal\/wp-json\/wp\/v2\/posts\/54145\/revisions\/54148"}],"wp:featuredmedia":[{"embeddable":true,"href":"http:\/\/portalcatolico.net\/portal\/wp-json\/wp\/v2\/media\/54147"}],"wp:attachment":[{"href":"http:\/\/portalcatolico.net\/portal\/wp-json\/wp\/v2\/media?parent=54145"}],"wp:term":[{"taxonomy":"category","embeddable":true,"href":"http:\/\/portalcatolico.net\/portal\/wp-json\/wp\/v2\/categories?post=54145"},{"taxonomy":"post_tag","embeddable":true,"href":"http:\/\/portalcatolico.net\/portal\/wp-json\/wp\/v2\/tags?post=54145"}],"curies":[{"name":"wp","href":"https:\/\/api.w.org\/{rel}","templated":true}]}}