{"id":54142,"date":"2018-04-10T06:06:58","date_gmt":"2018-04-10T09:06:58","guid":{"rendered":"http:\/\/portalcatolico.net\/portal\/?p=54142"},"modified":"2018-04-10T06:06:58","modified_gmt":"2018-04-10T09:06:58","slug":"bispo-da-diocese-de-ilheus-fala-sobre-a-56a-assembleia-geral-dos-bispos-do-brasil","status":"publish","type":"post","link":"http:\/\/portalcatolico.net\/portal\/bispo-da-diocese-de-ilheus-fala-sobre-a-56a-assembleia-geral-dos-bispos-do-brasil\/","title":{"rendered":"Bispo da Diocese de Ilh\u00e9us fala sobre a 56\u00aa Assembl\u00e9ia Geral dos Bispos do Brasil"},"content":{"rendered":"<div dir=\"auto\"><i>A Confer\u00eancia Nacional dos Bispos do Brasil (CNBB) reunir\u00e1 na\u00a0<\/i><i>56\u00aa Assembleia Geral<\/i><i>, em Aparecida (SP), os\u00a0 Bispos cat\u00f3licos de todo o Brasil, para discutir o tema \u201cDiretrizes para a Forma\u00e7\u00e3o de Presb\u00edteros\u201d. Cerca de 477 dever\u00e3o estar presentes neste evento que acontecer\u00e1 nos dias 10 a 20 de abril.<\/i><\/div>\n<div dir=\"auto\"><i>Um conjunto de outros temas fazem parte da programa\u00e7\u00e3o da Assembleia, que al\u00e9m de ser um momento de reflex\u00e3o, \u00e9 tamb\u00e9m &#8220;um momento de grande comunh\u00e3o, de grande fraternidade e de viv\u00eancia familiar&#8221;, afirmou o Bispo da Diocese de Ilh\u00e9us, Dom Mauro\u00a0<\/i><i>Montagnoli<\/i>, neste v\u00eddeo, disponibbilizado no link a seguir. Confira na \u00edntegra, a mensagem de Dom Mauro:\u00a0<a href=\"https:\/\/www.facebook.com\/diocesedeilheus\/\" target=\"_blank\" data-saferedirecturl=\"https:\/\/www.google.com\/url?hl=pt-BR&amp;q=https:\/\/www.facebook.com\/diocesedeilheus\/&amp;source=gmail&amp;ust=1523437460267000&amp;usg=AFQjCNG3DfW_LhhcqB37ErSd89Vi2xk5SQ\"><i>https:\/\/www.facebook.com\/<wbr \/>diocesedeilheus\/<\/i><\/a><\/div>\n<div dir=\"auto\">Texto:Reda\u00e7\u00e3o Portal Cat\u00f3lico.net<\/div>\n","protected":false},"excerpt":{"rendered":"<p>A Confer\u00eancia Nacional dos Bispos do Brasil (CNBB) reunir\u00e1 na\u00a056\u00aa Assembleia Geral, em Aparecida (SP), os\u00a0 Bispos cat\u00f3licos de todo o Brasil, para discutir o tema \u201cDiretrizes para a Forma\u00e7\u00e3o de Presb\u00edteros\u201d. Cerca de 477 dever\u00e3o estar presentes neste evento que acontecer\u00e1 nos dias 10 a 20 de abril. Um conjunto de outros temas fazem&nbsp;<\/p>\n<p><a class=\"btn btn-style\" href=\"http:\/\/portalcatolico.net\/portal\/bispo-da-diocese-de-ilheus-fala-sobre-a-56a-assembleia-geral-dos-bispos-do-brasil\/\">Continue Reading<\/a><\/p>\n","protected":false},"author":2,"featured_media":54143,"comment_status":"open","ping_status":"open","sticky":false,"template":"","format":"standard","meta":{"footnotes":""},"categories":[4],"tags":[],"class_list":["post-54142","post","type-post","status-publish","format-standard","has-post-thumbnail","hentry","category-destaques"],"_links":{"self":[{"href":"http:\/\/portalcatolico.net\/portal\/wp-json\/wp\/v2\/posts\/54142","targetHints":{"allow":["GET"]}}],"collection":[{"href":"http:\/\/portalcatolico.net\/portal\/wp-json\/wp\/v2\/posts"}],"about":[{"href":"http:\/\/portalcatolico.net\/portal\/wp-json\/wp\/v2\/types\/post"}],"author":[{"embeddable":true,"href":"http:\/\/portalcatolico.net\/portal\/wp-json\/wp\/v2\/users\/2"}],"replies":[{"embeddable":true,"href":"http:\/\/portalcatolico.net\/portal\/wp-json\/wp\/v2\/comments?post=54142"}],"version-history":[{"count":1,"href":"http:\/\/portalcatolico.net\/portal\/wp-json\/wp\/v2\/posts\/54142\/revisions"}],"predecessor-version":[{"id":54144,"href":"http:\/\/portalcatolico.net\/portal\/wp-json\/wp\/v2\/posts\/54142\/revisions\/54144"}],"wp:featuredmedia":[{"embeddable":true,"href":"http:\/\/portalcatolico.net\/portal\/wp-json\/wp\/v2\/media\/54143"}],"wp:attachment":[{"href":"http:\/\/portalcatolico.net\/portal\/wp-json\/wp\/v2\/media?parent=54142"}],"wp:term":[{"taxonomy":"category","embeddable":true,"href":"http:\/\/portalcatolico.net\/portal\/wp-json\/wp\/v2\/categories?post=54142"},{"taxonomy":"post_tag","embeddable":true,"href":"http:\/\/portalcatolico.net\/portal\/wp-json\/wp\/v2\/tags?post=54142"}],"curies":[{"name":"wp","href":"https:\/\/api.w.org\/{rel}","templated":true}]}}