{"id":54139,"date":"2018-04-10T06:03:09","date_gmt":"2018-04-10T09:03:09","guid":{"rendered":"http:\/\/portalcatolico.net\/portal\/?p=54139"},"modified":"2018-04-10T06:04:02","modified_gmt":"2018-04-10T09:04:02","slug":"56a-assembleia-geral-da-cnbb-tem-inicio-nesta-quarta-feira-11-de-abril","status":"publish","type":"post","link":"http:\/\/portalcatolico.net\/portal\/56a-assembleia-geral-da-cnbb-tem-inicio-nesta-quarta-feira-11-de-abril\/","title":{"rendered":"56a. Assembleia Geral da CNBB tem in\u00edcio, nesta quarta-feira, 11 de abril"},"content":{"rendered":"<p>Tudo pronto para come\u00e7ar mais uma assembleia geral do episcopado brasileiro no Centro de Eventos Pe. V\u00edtor Coelho de Almeida, no p\u00e1tio do Santu\u00e1rio Nacional, em Aparecida (SP). O encontro se estender\u00e1 at\u00e9 o dia 20, incluindo os dias que os bispos dedicar\u00e3o a um Retiro Espiritual. O tema central do encontro ser\u00e1: Diretrizes para a forma\u00e7\u00e3o dos presb\u00edteros na Igreja no Brasil.<\/p>\n<p><strong>Quadro episcopal<\/strong><\/p>\n<p>Segundo os dados atualizados pelo prof. Dr. Fernando Altemeyer Junior, Chefe do departamento de Ci\u00eancia da Religi\u00e3o da PUC-SP, o quadro geral da organiza\u00e7\u00e3o da Igreja no Brasil est\u00e1 desenhado do seguinte modo:<\/p>\n<p><strong>Circunscri\u00e7\u00f5es eclesi\u00e1sticas<\/strong><\/p>\n<p>No Brasil h\u00e1 277 circunscri\u00e7\u00f5es eclesi\u00e1sticas: 44 arquidioceses ou sedes metropolitanas, 216 dioceses, nove prelazias territoriais, uma arquieparquia de rito oriental, tr\u00eas eparquias orientais, um ordinariato militar, um exarcado, um ordinariato para fieis de rito oriental sem ordin\u00e1rio pr\u00f3prio, uma Administra\u00e7\u00e3o Apost\u00f3lica pessoal. A organiza\u00e7\u00e3o na Igreja Cat\u00f3lica do Brasil acontece atrav\u00e9s da rede de 11.700 par\u00f3quias e 50.159 centros de atendimento pastoral.<\/p>\n<p><strong>Minist\u00e9rios e ministros<\/strong><\/p>\n<p>Minist\u00e9rios e ministros na evangeliza\u00e7\u00e3o s\u00e3o: 27.416 presb\u00edteros, 3.849 di\u00e1conos permanentes, 2.073 membros de institutos seculares, 122.170 mission\u00e1rios leigos, 2.674 irm\u00e3os, 6.154 seminaristas maiores em 595 semin\u00e1rios de forma\u00e7\u00e3o presbiteral, 29.868 religiosas consagradas e 700.000 catequistas.<\/p>\n<p>Episcopado<\/p>\n<p>O episcopado cat\u00f3lico brasileiro entre vivos e falecidos de 25\/02\/1551 at\u00e9 01\/04\/2018 somam 1.153 nomes: um Abade-bispo, 22 cardeais-arcebispos, 209 arcebispos, 802 bispos, 95 prelados, tr\u00eas prefeitos, 11 administradores apost\u00f3licos, dois exarcas e oito eparcas. S\u00e3o 477 bispos vivos e 676 bispos falecidos. Perfil dos bispos vivos em 01\/04\/2018 383 brasileiros, ou seja, 80,3% 94 estrangeiros, ou seja, 19,70% Origem geogr\u00e1fica dos 676 bispos falecidos at\u00e9 01\/04\/2018 435 brasileiros, ou seja, 64,4% 241 estrangeiros, ou seja, 35,6% Todos os 1153 bispos cat\u00f3licos vivos e falecidos do Brasil at\u00e9 01\/04\/2018 817 brasileiros, ou seja, 71 % 336 estrangeiros, ou seja, 29% Atualmente temos 476 bispos vivos no Brasil indicados pelos seguintes pont\u00edfices: 2 foram nomeados pelo papa S\u00e3o Jo\u00e3o XXIII 39 foram nomeados pelo papa beato Paulo VI Nenhum bispo nomeado pelo bem-aventurado papa Jo\u00e3o Paulo Primeiro. 229 bispos nomeados pelo papa S\u00e3o Jo\u00e3o Paulo II; 125 nomeados pelo papa Bento 16; 81 nomeados desde 19\/03\/2013 at\u00e9 01\/04\/2018 pelo atual papa Francisco.<\/p>\n<p><strong>Episcopado atual<\/strong><\/p>\n<p>H\u00e1 308 bispos ativos na hierarquia cat\u00f3lica no Brasil (com voz e voto na CNBB):<\/p>\n<p>105 nomeados pelo papa S\u00e3o Jo\u00e3o Paulo II;<\/p>\n<p>122 nomeados pelo papa Bento XVI, hoje em\u00e9rito;<\/p>\n<p>81 nomeados pelo atual papa Francisco.<\/p>\n<p>H\u00e1 168 bispos em\u00e9ritos: 2 nomeados pelo papa S\u00e3o Jo\u00e3o XXIII;<\/p>\n<p>39 nomeados durante o papado de Paulo VI;<\/p>\n<p>124 nomeados pelo papa S\u00e3o Jo\u00e3o Paulo II;<\/p>\n<p>3 nomeados pelo papa Bento XVI;<\/p>\n<p>Nenhum nomeado pelo atual papa Francisco.<\/p>\n<p><strong>Assembleia 2018<\/strong><\/p>\n<p>Episcopado reunido como CNBB: 476 pastores, sendo 308 bispos na ativa e 168 bispos em\u00e9ritos (aposentados). Os bispos oriundos do clero diocesano s\u00e3o 279 pessoas, ou seja, 58,6% do episcopado e os que pertenceram a uma ordem ou congrega\u00e7\u00e3o de vida consagrada s\u00e3o 198 pessoas, ou seja, 41,4% do episcopado brasileiro. por fun\u00e7\u00e3o institucional temos: Cardeais: 6 diocesanos + 3 religiosos. Arcebispos: 42 diocesanos + 29 religiosos. Bispos: 231 diocesanos + 165 religiosos.<\/p>\n<p>&nbsp;<\/p>\n<p>Fonte:<\/p>\n<p>ALTEMEYER Jr, Fernando.\u00a0<strong>Perfil Episcopal da Igreja Cat\u00f3lica no Brasi<\/strong>l, S\u00e3o Paulo: Ed. Paulus, 2018.(cnbb)<\/p>\n","protected":false},"excerpt":{"rendered":"<p>Tudo pronto para come\u00e7ar mais uma assembleia geral do episcopado brasileiro no Centro de Eventos Pe. V\u00edtor Coelho de Almeida, no p\u00e1tio do Santu\u00e1rio Nacional, em Aparecida (SP). O encontro se estender\u00e1 at\u00e9 o dia 20, incluindo os dias que os bispos dedicar\u00e3o a um Retiro Espiritual. O tema central do encontro ser\u00e1: Diretrizes para&nbsp;<\/p>\n<p><a class=\"btn btn-style\" href=\"http:\/\/portalcatolico.net\/portal\/56a-assembleia-geral-da-cnbb-tem-inicio-nesta-quarta-feira-11-de-abril\/\">Continue Reading<\/a><\/p>\n","protected":false},"author":2,"featured_media":54140,"comment_status":"open","ping_status":"open","sticky":false,"template":"","format":"standard","meta":{"footnotes":""},"categories":[3],"tags":[],"class_list":["post-54139","post","type-post","status-publish","format-standard","has-post-thumbnail","hentry","category-noticias_regionais"],"_links":{"self":[{"href":"http:\/\/portalcatolico.net\/portal\/wp-json\/wp\/v2\/posts\/54139","targetHints":{"allow":["GET"]}}],"collection":[{"href":"http:\/\/portalcatolico.net\/portal\/wp-json\/wp\/v2\/posts"}],"about":[{"href":"http:\/\/portalcatolico.net\/portal\/wp-json\/wp\/v2\/types\/post"}],"author":[{"embeddable":true,"href":"http:\/\/portalcatolico.net\/portal\/wp-json\/wp\/v2\/users\/2"}],"replies":[{"embeddable":true,"href":"http:\/\/portalcatolico.net\/portal\/wp-json\/wp\/v2\/comments?post=54139"}],"version-history":[{"count":1,"href":"http:\/\/portalcatolico.net\/portal\/wp-json\/wp\/v2\/posts\/54139\/revisions"}],"predecessor-version":[{"id":54141,"href":"http:\/\/portalcatolico.net\/portal\/wp-json\/wp\/v2\/posts\/54139\/revisions\/54141"}],"wp:featuredmedia":[{"embeddable":true,"href":"http:\/\/portalcatolico.net\/portal\/wp-json\/wp\/v2\/media\/54140"}],"wp:attachment":[{"href":"http:\/\/portalcatolico.net\/portal\/wp-json\/wp\/v2\/media?parent=54139"}],"wp:term":[{"taxonomy":"category","embeddable":true,"href":"http:\/\/portalcatolico.net\/portal\/wp-json\/wp\/v2\/categories?post=54139"},{"taxonomy":"post_tag","embeddable":true,"href":"http:\/\/portalcatolico.net\/portal\/wp-json\/wp\/v2\/tags?post=54139"}],"curies":[{"name":"wp","href":"https:\/\/api.w.org\/{rel}","templated":true}]}}