{"id":54133,"date":"2018-04-09T17:40:45","date_gmt":"2018-04-09T20:40:45","guid":{"rendered":"http:\/\/portalcatolico.net\/portal\/?p=54133"},"modified":"2018-04-09T20:41:08","modified_gmt":"2018-04-09T23:41:08","slug":"nada-pode-justificar-uso-de-armas-quimicas-diz-papa-em-novo-apelo-pela-siria","status":"publish","type":"post","link":"http:\/\/portalcatolico.net\/portal\/nada-pode-justificar-uso-de-armas-quimicas-diz-papa-em-novo-apelo-pela-siria\/","title":{"rendered":"Nada pode justificar uso de armas qu\u00edmicas, diz Papa em novo apelo pela S\u00edria"},"content":{"rendered":"<div class=\"article__subTitle\">Ap\u00f3s rezar o Regina Coeli na Pra\u00e7a S\u00e3o Pedro no Domingo da Divina Miseric\u00f3rdia, o Papa Francisco voltou a lan\u00e7ar um apelo pela S\u00edria, ap\u00f3s ataques com armas qu\u00edmicas.<\/div>\n<div class=\"title__separator\"><\/div>\n<div class=\"article__text\">\n<p>\u201cNot\u00edcias terr\u00edveis de bombardeio v\u00eam da S\u00edria com dezenas de v\u00edtimas (&#8230;)\u00a0atingidas pelos efeitos das subst\u00e2ncias qu\u00edmicas contidas nas bombas (&#8230;). Nada pode justificar o uso de tais instrumentos de exterm\u00ednio contra pessoas e popula\u00e7\u00f5es indefesas&#8221;.<\/p>\n<p>Uma semana ap\u00f3s ter recordado da \u00a0\u201camada e martirizada S\u00edria\u201d na mensagem Urbi et Orbi \u2013 \u201ccuja popula\u00e7\u00e3o est\u00e1 exausta por uma guerra que n\u00e3o v\u00ea fim\u201d, o Papa Francisco voltou a lan\u00e7ar um apelo neste Domingo da Miseric\u00f3rdia, ap\u00f3s tomar conhecimento dos \u00faltimos acontecimentos naquele pa\u00eds.<\/p>\n<p><i>\u201cNot\u00edcias terr\u00edveis chegam da S\u00edria de bombardeios com dezenas de v\u00edtimas, muitas das quais s\u00e3o mulheres e crian\u00e7as. Not\u00edcias de tantas pessoas atingidas pelos efeitos das subst\u00e2ncias qu\u00edmicas contidas nas bombas. Oremos por todos os mortos, pelos feridos, pelas fam\u00edlias que sofrem. N\u00e3o existe uma guerra boa e uma m\u00e1. E nada, nada pode justificar o uso de tais instrumentos de exterm\u00ednio contra pessoas e popula\u00e7\u00f5es indefesas. Oremos para que os l\u00edderes pol\u00edticos e militares escolham o outro caminho, o da negocia\u00e7\u00e3o, o \u00fanico que pode levar a uma paz que n\u00e3o seja a da morte e da destrui\u00e7\u00e3o\u201d<\/i>.<\/p>\n<p>Na mensagem antes de conceder a B\u00ean\u00e7\u00e3o\u00a0<i>Urbi et Orbi<\/i>\u00a0no Domingo de P\u00e1scoa, o Pont\u00edfice havia pedido que \u201ca luz de Cristo Ressuscitado&#8221; iluminasse &#8220;as consci\u00eancias de todos os respons\u00e1veis pol\u00edticos e militares&#8221;, para que colocassem &#8220;fim imediatamente ao exterm\u00ednio em andamento\u201d, respeitando o direito humanit\u00e1rio e facilitando o acesso das ajudas humanit\u00e1rias aos \u201cnossos irm\u00e3os e irm\u00e3s que t\u00eam necessidade urgente\u201d e assegurando condi\u00e7\u00f5es adequadas para o retorno dos deslocados.<\/p>\n<p>Apelo, que n\u00e3o surtiu efeito!<\/p>\n<p>Informa\u00e7\u00f5es e foto:Vatican News<\/p>\n<\/div>\n","protected":false},"excerpt":{"rendered":"<p>Ap\u00f3s rezar o Regina Coeli na Pra\u00e7a S\u00e3o Pedro no Domingo da Divina Miseric\u00f3rdia, o Papa Francisco voltou a lan\u00e7ar um apelo pela S\u00edria, ap\u00f3s ataques com armas qu\u00edmicas. \u201cNot\u00edcias terr\u00edveis de bombardeio v\u00eam da S\u00edria com dezenas de v\u00edtimas (&#8230;)\u00a0atingidas pelos efeitos das subst\u00e2ncias qu\u00edmicas contidas nas bombas (&#8230;). Nada pode justificar o uso&nbsp;<\/p>\n<p><a class=\"btn btn-style\" href=\"http:\/\/portalcatolico.net\/portal\/nada-pode-justificar-uso-de-armas-quimicas-diz-papa-em-novo-apelo-pela-siria\/\">Continue Reading<\/a><\/p>\n","protected":false},"author":2,"featured_media":54134,"comment_status":"open","ping_status":"open","sticky":false,"template":"","format":"standard","meta":{"footnotes":""},"categories":[5],"tags":[],"class_list":["post-54133","post","type-post","status-publish","format-standard","has-post-thumbnail","hentry","category-igreja_no_mundo"],"_links":{"self":[{"href":"http:\/\/portalcatolico.net\/portal\/wp-json\/wp\/v2\/posts\/54133","targetHints":{"allow":["GET"]}}],"collection":[{"href":"http:\/\/portalcatolico.net\/portal\/wp-json\/wp\/v2\/posts"}],"about":[{"href":"http:\/\/portalcatolico.net\/portal\/wp-json\/wp\/v2\/types\/post"}],"author":[{"embeddable":true,"href":"http:\/\/portalcatolico.net\/portal\/wp-json\/wp\/v2\/users\/2"}],"replies":[{"embeddable":true,"href":"http:\/\/portalcatolico.net\/portal\/wp-json\/wp\/v2\/comments?post=54133"}],"version-history":[{"count":1,"href":"http:\/\/portalcatolico.net\/portal\/wp-json\/wp\/v2\/posts\/54133\/revisions"}],"predecessor-version":[{"id":54135,"href":"http:\/\/portalcatolico.net\/portal\/wp-json\/wp\/v2\/posts\/54133\/revisions\/54135"}],"wp:featuredmedia":[{"embeddable":true,"href":"http:\/\/portalcatolico.net\/portal\/wp-json\/wp\/v2\/media\/54134"}],"wp:attachment":[{"href":"http:\/\/portalcatolico.net\/portal\/wp-json\/wp\/v2\/media?parent=54133"}],"wp:term":[{"taxonomy":"category","embeddable":true,"href":"http:\/\/portalcatolico.net\/portal\/wp-json\/wp\/v2\/categories?post=54133"},{"taxonomy":"post_tag","embeddable":true,"href":"http:\/\/portalcatolico.net\/portal\/wp-json\/wp\/v2\/tags?post=54133"}],"curies":[{"name":"wp","href":"https:\/\/api.w.org\/{rel}","templated":true}]}}