{"id":54130,"date":"2018-04-09T20:09:09","date_gmt":"2018-04-09T23:09:09","guid":{"rendered":"http:\/\/portalcatolico.net\/portal\/?p=54130"},"modified":"2018-04-09T20:09:09","modified_gmt":"2018-04-09T23:09:09","slug":"paroquia-sao-boaventura-esta-em-festa","status":"publish","type":"post","link":"http:\/\/portalcatolico.net\/portal\/paroquia-sao-boaventura-esta-em-festa\/","title":{"rendered":"Par\u00f3quia S\u00e3o Boaventura est\u00e1 em festa!"},"content":{"rendered":"<p class=\"m_9170017234253301423xgmail-msonospacing\"><em>N\u00e3o fique de fora do Jubileu dos 300 anos da Par\u00f3quia S\u00e3o Boaventura em Canavieiras (BA), pertencente \u00e0 Diocese de Itabuna. Todas as semanas t\u00eam uma programa\u00e7\u00e3o especial em prepara\u00e7\u00e3o aos 300 anos de funda\u00e7\u00e3o e evangeliza\u00e7\u00e3o. Como retiro, caminhada, missa, entre outros momentos de evangeliza\u00e7\u00e3o. Neste fim de semana, teve momento de ora\u00e7\u00e3o, f\u00e9 e envio para o distrito de Puxim.<\/em><i><u><\/u><u><\/u><\/i><\/p>\n<p class=\"m_9170017234253301423xmsonormal\"><em>E tem mais: nos dias 29 de abril a 05 de maio, acontece\u00a0\u00a0o espet\u00e1culo &#8220;Cada Ponto \u00e9 um Conto: A hist\u00f3ria da Par\u00f3quia de S\u00e3o Boaventura&#8221;. Confira esta e outras informa\u00e7\u00f5es na\u00a0\u00a0p\u00e1gina da Par\u00f3quia no Facebook:\u00a0<a href=\"http:\/\/www.facebook.com\/paroquiasaoboaventura\" target=\"_blank\" data-saferedirecturl=\"https:\/\/www.google.com\/url?hl=pt-BR&amp;q=http:\/\/www.facebook.com\/paroquiasaoboaventura&amp;source=gmail&amp;ust=1523401507812000&amp;usg=AFQjCNFEZurohzTTxhpAjiu7h7Xb-c-biA\"><i>www.facebook.com\/<wbr \/>paroquiasaoboaventura<\/i><\/a>\u00a0\u00a0\u00a0<\/em><\/p>\n<p class=\"m_9170017234253301423xmsonormal\">Foto: Arguivo\/Portal Cat\u00f3lico<\/p>\n<p class=\"m_9170017234253301423xmsonormal\">Texto:Reda\u00e7\u00e3o Portal Cat\u00f3lico.net<\/p>\n","protected":false},"excerpt":{"rendered":"<p>N\u00e3o fique de fora do Jubileu dos 300 anos da Par\u00f3quia S\u00e3o Boaventura em Canavieiras (BA), pertencente \u00e0 Diocese de Itabuna. Todas as semanas t\u00eam uma programa\u00e7\u00e3o especial em prepara\u00e7\u00e3o aos 300 anos de funda\u00e7\u00e3o e evangeliza\u00e7\u00e3o. Como retiro, caminhada, missa, entre outros momentos de evangeliza\u00e7\u00e3o. Neste fim de semana, teve momento de ora\u00e7\u00e3o, f\u00e9&nbsp;<\/p>\n<p><a class=\"btn btn-style\" href=\"http:\/\/portalcatolico.net\/portal\/paroquia-sao-boaventura-esta-em-festa\/\">Continue Reading<\/a><\/p>\n","protected":false},"author":2,"featured_media":54131,"comment_status":"open","ping_status":"open","sticky":false,"template":"","format":"standard","meta":{"footnotes":""},"categories":[1],"tags":[],"class_list":["post-54130","post","type-post","status-publish","format-standard","has-post-thumbnail","hentry","category-agenda"],"_links":{"self":[{"href":"http:\/\/portalcatolico.net\/portal\/wp-json\/wp\/v2\/posts\/54130","targetHints":{"allow":["GET"]}}],"collection":[{"href":"http:\/\/portalcatolico.net\/portal\/wp-json\/wp\/v2\/posts"}],"about":[{"href":"http:\/\/portalcatolico.net\/portal\/wp-json\/wp\/v2\/types\/post"}],"author":[{"embeddable":true,"href":"http:\/\/portalcatolico.net\/portal\/wp-json\/wp\/v2\/users\/2"}],"replies":[{"embeddable":true,"href":"http:\/\/portalcatolico.net\/portal\/wp-json\/wp\/v2\/comments?post=54130"}],"version-history":[{"count":1,"href":"http:\/\/portalcatolico.net\/portal\/wp-json\/wp\/v2\/posts\/54130\/revisions"}],"predecessor-version":[{"id":54132,"href":"http:\/\/portalcatolico.net\/portal\/wp-json\/wp\/v2\/posts\/54130\/revisions\/54132"}],"wp:featuredmedia":[{"embeddable":true,"href":"http:\/\/portalcatolico.net\/portal\/wp-json\/wp\/v2\/media\/54131"}],"wp:attachment":[{"href":"http:\/\/portalcatolico.net\/portal\/wp-json\/wp\/v2\/media?parent=54130"}],"wp:term":[{"taxonomy":"category","embeddable":true,"href":"http:\/\/portalcatolico.net\/portal\/wp-json\/wp\/v2\/categories?post=54130"},{"taxonomy":"post_tag","embeddable":true,"href":"http:\/\/portalcatolico.net\/portal\/wp-json\/wp\/v2\/tags?post=54130"}],"curies":[{"name":"wp","href":"https:\/\/api.w.org\/{rel}","templated":true}]}}