{"id":54083,"date":"2018-04-09T06:17:51","date_gmt":"2018-04-09T09:17:51","guid":{"rendered":"http:\/\/portalcatolico.net\/portal\/?p=54083"},"modified":"2018-04-09T21:06:53","modified_gmt":"2018-04-10T00:06:53","slug":"irmas-franciscanas-sao-acolhidas-com-missa-especial-na-paroquia-santa-rita-de-cassia","status":"publish","type":"post","link":"http:\/\/portalcatolico.net\/portal\/irmas-franciscanas-sao-acolhidas-com-missa-especial-na-paroquia-santa-rita-de-cassia\/","title":{"rendered":"Irm\u00e3s Franciscanas s\u00e3o acolhidas com missa especial na Par\u00f3quia Santa Rita de C\u00e1ssia"},"content":{"rendered":"<p style=\"font-weight: 400;\"><em>A Ordem Franciscana Secular Santa Clara de Assis neste domingo, 08 de abril, realizou uma santa missa na Par\u00f3quia Santa Rita de C\u00e1ssia, na Diocese de Itabuna (BA), \u00e0s 19h, para o pedido de profiss\u00e3o definitiva das Irm\u00e3s da Ordem\u00a0Terceira\u00a0 Secular,\u00a0\u00a0sendo elas: Maria do Carmo Borges dos Santos\u00a0\u00a0e Marinalva Cardoso da Silva, que na oportunidade \u201cfizeram um compromisso definitivo para seguir o Evangelho de Nosso Senhor Jesus Cristo\u201d, disse o frei Carlos In\u00e1cio, que presidiu a celebra\u00e7\u00e3o juntamente com o Frei Genilton.<\/em><\/p>\n<p style=\"font-weight: 400;\"><em>Ao final da celebra\u00e7\u00e3o, Frei Genilton, parabenizou os membros pelo\u00a0bel\u00edssimo\u00a0trabalho\u00a0de\u00a0evangeliza\u00e7\u00e3o\u00a0realizado na Par\u00f3quia Santa Rita de C\u00e1ssia.<\/em><\/p>\n<p style=\"font-weight: 400;\">Os franciscanos seculares constituem uma verdadeira Ordem na Igreja. N\u00e3o formam um mero movimento ou associa\u00e7\u00e3o qualquer. A OFS \u00e9 uma ordem reconhecida como tal pela Igreja, que lhe apresenta uma forma de vida chamada Regra.<\/p>\n<p style=\"font-weight: 400;\">Como tal, ela \u00e9 acolhida, aceita e aben\u00e7oada pela Igreja em todas as partes do mundo. Ela faz parte da grande Fam\u00edlia Franciscana e contribui para a plenitude de seu carisma.<\/p>\n<p style=\"font-weight: 400;\">A Ordem Franciscana Secular \u00e9 constitu\u00edda por Fraternidades abertas a todos os crist\u00e3os seculares.<\/p>\n<p style=\"font-weight: 400;\">Nelas h\u00e1 lugar para jovens, para casados, vi\u00favos e celibat\u00e1rios no mundo; para cl\u00e9rigos e leigos; para todas as classes sociais, todas as profiss\u00f5es, para todas as ra\u00e7as; para homens e mulheres. H\u00e1 lugar para todos porque se busca viver segundo o Santo Evangelho como irm\u00e3o e irm\u00e3s da penit\u00eancia.<\/p>\n<p style=\"font-weight: 400;\">O projeto de vida de todo crist\u00e3o e especialmente de todo franciscano secular \u00e9 o seguimento da vida de Nosso Senhor Jesus Cristo, conforme os ensinamentos que nos foram revelados atrav\u00e9s do Santo Evangelho.<\/p>\n<p style=\"font-weight: 400;\">Por:Reda\u00e7\u00e3o Portal Cat\u00f3lico<\/p>\n<p style=\"font-weight: 400;\">\u00c1lbum de fotos.<a href=\"http:\/\/portalcatolico.net\/portal\/irmas-franciscanas-sao-acolhidas-na-paroquia-santa-rita-de-cassia\/\"><span style=\"color: #ff0000;\">Clique aqui e confira<\/span><\/a>.<\/p>\n","protected":false},"excerpt":{"rendered":"<p>A Ordem Franciscana Secular Santa Clara de Assis neste domingo, 08 de abril, realizou uma santa missa na Par\u00f3quia Santa Rita de C\u00e1ssia, na Diocese de Itabuna (BA), \u00e0s 19h, para o pedido de profiss\u00e3o definitiva das Irm\u00e3s da Ordem\u00a0Terceira\u00a0 Secular,\u00a0\u00a0sendo elas: Maria do Carmo Borges dos Santos\u00a0\u00a0e Marinalva Cardoso da Silva, que na oportunidade&nbsp;<\/p>\n<p><a class=\"btn btn-style\" href=\"http:\/\/portalcatolico.net\/portal\/irmas-franciscanas-sao-acolhidas-com-missa-especial-na-paroquia-santa-rita-de-cassia\/\">Continue Reading<\/a><\/p>\n","protected":false},"author":2,"featured_media":54084,"comment_status":"open","ping_status":"open","sticky":false,"template":"","format":"standard","meta":{"footnotes":""},"categories":[68],"tags":[],"class_list":["post-54083","post","type-post","status-publish","format-standard","has-post-thumbnail","hentry","category-homilias"],"_links":{"self":[{"href":"http:\/\/portalcatolico.net\/portal\/wp-json\/wp\/v2\/posts\/54083","targetHints":{"allow":["GET"]}}],"collection":[{"href":"http:\/\/portalcatolico.net\/portal\/wp-json\/wp\/v2\/posts"}],"about":[{"href":"http:\/\/portalcatolico.net\/portal\/wp-json\/wp\/v2\/types\/post"}],"author":[{"embeddable":true,"href":"http:\/\/portalcatolico.net\/portal\/wp-json\/wp\/v2\/users\/2"}],"replies":[{"embeddable":true,"href":"http:\/\/portalcatolico.net\/portal\/wp-json\/wp\/v2\/comments?post=54083"}],"version-history":[{"count":5,"href":"http:\/\/portalcatolico.net\/portal\/wp-json\/wp\/v2\/posts\/54083\/revisions"}],"predecessor-version":[{"id":54138,"href":"http:\/\/portalcatolico.net\/portal\/wp-json\/wp\/v2\/posts\/54083\/revisions\/54138"}],"wp:featuredmedia":[{"embeddable":true,"href":"http:\/\/portalcatolico.net\/portal\/wp-json\/wp\/v2\/media\/54084"}],"wp:attachment":[{"href":"http:\/\/portalcatolico.net\/portal\/wp-json\/wp\/v2\/media?parent=54083"}],"wp:term":[{"taxonomy":"category","embeddable":true,"href":"http:\/\/portalcatolico.net\/portal\/wp-json\/wp\/v2\/categories?post=54083"},{"taxonomy":"post_tag","embeddable":true,"href":"http:\/\/portalcatolico.net\/portal\/wp-json\/wp\/v2\/tags?post=54083"}],"curies":[{"name":"wp","href":"https:\/\/api.w.org\/{rel}","templated":true}]}}