{"id":54078,"date":"2018-04-09T06:13:32","date_gmt":"2018-04-09T09:13:32","guid":{"rendered":"http:\/\/portalcatolico.net\/portal\/?p=54078"},"modified":"2018-04-09T06:13:45","modified_gmt":"2018-04-09T09:13:45","slug":"fim-de-semana-foi-de-festa-na-paroquia-sao-sebastiao-em-camacan","status":"publish","type":"post","link":"http:\/\/portalcatolico.net\/portal\/fim-de-semana-foi-de-festa-na-paroquia-sao-sebastiao-em-camacan\/","title":{"rendered":"Fim de semana foi de festa na Par\u00f3quia S\u00e3o Sebasti\u00e3o em Camacan"},"content":{"rendered":"<div dir=\"auto\"><i>A Par\u00f3quia S\u00e3o Sebasti\u00e3o de na Camacan (BA), pertencente \u00e0 Diocese de Itabuna, realizou neste fim de semana, nos dias 7 e 8 de abril, a XXVI Festa da Miseric\u00f3rdia.<\/i><\/div>\n<div dir=\"auto\"><i>No s\u00e1bado, a festa iniciou \u00e0s 8h30 e finalizou neste domingo, com a santa missa presidida pelo p\u00e1roco da Igreja matriz de S\u00e3o Sebasti\u00e3o, o Pe. Valdeni Neris, e concelebrada por Pe. Manoel Cardoso.\u00a0<\/i><\/div>\n<div dir=\"auto\"><i>O tema central da celebra\u00e7\u00e3o foi: &#8220;Confie na minha miseric\u00f3rdia\u201d.\u00a0<\/i><\/div>\n<div dir=\"auto\"><i>A festa contou com momentos de Adora\u00e7\u00e3o ao Jesus Eucar\u00edstico, missas todos os dias louvor, e muitas b\u00ean\u00e7\u00e3os atrav\u00e9s da prega\u00e7\u00f5es de Pedro Moreira, da Diocese de Joinville Santa Catarina (SC).\u00a0<\/i><\/div>\n<div dir=\"auto\"><i>A organiza\u00e7\u00e3o \u00a0do evento ficou por conta dos carism\u00e1ticos da RCC de Camacan, com o apoio do Pe. Valdeni Neris.<\/i><\/div>\n<div dir=\"auto\">Fotos:Paulo Cesar\/RCC de Camacan<\/div>\n<div dir=\"auto\">Texto:Reda\u00e7\u00e3o Portal Cat\u00f3lico<\/div>\n<div dir=\"auto\"><img loading=\"lazy\" decoding=\"async\" class=\"alignnone size-medium wp-image-54080\" src=\"http:\/\/portalcatolico.net\/portal\/wp-content\/uploads\/2018\/04\/30264561_1875697102505556_1598257602048108367_n-300x169.jpg\" alt=\"30264561_1875697102505556_1598257602048108367_n\" width=\"300\" height=\"169\" srcset=\"http:\/\/portalcatolico.net\/portal\/wp-content\/uploads\/2018\/04\/30264561_1875697102505556_1598257602048108367_n-300x169.jpg 300w, http:\/\/portalcatolico.net\/portal\/wp-content\/uploads\/2018\/04\/30264561_1875697102505556_1598257602048108367_n-768x432.jpg 768w, http:\/\/portalcatolico.net\/portal\/wp-content\/uploads\/2018\/04\/30264561_1875697102505556_1598257602048108367_n.jpg 960w\" sizes=\"auto, (max-width: 300px) 100vw, 300px\" \/> <img loading=\"lazy\" decoding=\"async\" class=\"alignnone size-medium wp-image-54081\" src=\"http:\/\/portalcatolico.net\/portal\/wp-content\/uploads\/2018\/04\/30264996_1875698412505425_5198006181417860384_n-300x169.jpg\" alt=\"30264996_1875698412505425_5198006181417860384_n\" width=\"300\" height=\"169\" srcset=\"http:\/\/portalcatolico.net\/portal\/wp-content\/uploads\/2018\/04\/30264996_1875698412505425_5198006181417860384_n-300x169.jpg 300w, http:\/\/portalcatolico.net\/portal\/wp-content\/uploads\/2018\/04\/30264996_1875698412505425_5198006181417860384_n-768x432.jpg 768w, http:\/\/portalcatolico.net\/portal\/wp-content\/uploads\/2018\/04\/30264996_1875698412505425_5198006181417860384_n.jpg 960w\" sizes=\"auto, (max-width: 300px) 100vw, 300px\" \/><\/div>\n<div dir=\"auto\"><\/div>\n","protected":false},"excerpt":{"rendered":"<p>A Par\u00f3quia S\u00e3o Sebasti\u00e3o de na Camacan (BA), pertencente \u00e0 Diocese de Itabuna, realizou neste fim de semana, nos dias 7 e 8 de abril, a XXVI Festa da Miseric\u00f3rdia. No s\u00e1bado, a festa iniciou \u00e0s 8h30 e finalizou neste domingo, com a santa missa presidida pelo p\u00e1roco da Igreja matriz de S\u00e3o Sebasti\u00e3o, o&nbsp;<\/p>\n<p><a class=\"btn btn-style\" href=\"http:\/\/portalcatolico.net\/portal\/fim-de-semana-foi-de-festa-na-paroquia-sao-sebastiao-em-camacan\/\">Continue Reading<\/a><\/p>\n","protected":false},"author":2,"featured_media":54079,"comment_status":"open","ping_status":"open","sticky":false,"template":"","format":"standard","meta":{"footnotes":""},"categories":[2],"tags":[],"class_list":["post-54078","post","type-post","status-publish","format-standard","has-post-thumbnail","hentry","category-eventos"],"_links":{"self":[{"href":"http:\/\/portalcatolico.net\/portal\/wp-json\/wp\/v2\/posts\/54078","targetHints":{"allow":["GET"]}}],"collection":[{"href":"http:\/\/portalcatolico.net\/portal\/wp-json\/wp\/v2\/posts"}],"about":[{"href":"http:\/\/portalcatolico.net\/portal\/wp-json\/wp\/v2\/types\/post"}],"author":[{"embeddable":true,"href":"http:\/\/portalcatolico.net\/portal\/wp-json\/wp\/v2\/users\/2"}],"replies":[{"embeddable":true,"href":"http:\/\/portalcatolico.net\/portal\/wp-json\/wp\/v2\/comments?post=54078"}],"version-history":[{"count":1,"href":"http:\/\/portalcatolico.net\/portal\/wp-json\/wp\/v2\/posts\/54078\/revisions"}],"predecessor-version":[{"id":54082,"href":"http:\/\/portalcatolico.net\/portal\/wp-json\/wp\/v2\/posts\/54078\/revisions\/54082"}],"wp:featuredmedia":[{"embeddable":true,"href":"http:\/\/portalcatolico.net\/portal\/wp-json\/wp\/v2\/media\/54079"}],"wp:attachment":[{"href":"http:\/\/portalcatolico.net\/portal\/wp-json\/wp\/v2\/media?parent=54078"}],"wp:term":[{"taxonomy":"category","embeddable":true,"href":"http:\/\/portalcatolico.net\/portal\/wp-json\/wp\/v2\/categories?post=54078"},{"taxonomy":"post_tag","embeddable":true,"href":"http:\/\/portalcatolico.net\/portal\/wp-json\/wp\/v2\/tags?post=54078"}],"curies":[{"name":"wp","href":"https:\/\/api.w.org\/{rel}","templated":true}]}}