{"id":54058,"date":"2018-04-09T05:56:58","date_gmt":"2018-04-09T08:56:58","guid":{"rendered":"http:\/\/portalcatolico.net\/portal\/?p=54058"},"modified":"2018-04-09T06:09:11","modified_gmt":"2018-04-09T09:09:11","slug":"legionarios-da-diocese-de-itabuna-se-consagram-a-maria-em-festa-de-acies","status":"publish","type":"post","link":"http:\/\/portalcatolico.net\/portal\/legionarios-da-diocese-de-itabuna-se-consagram-a-maria-em-festa-de-acies\/","title":{"rendered":"Legion\u00e1rios da Diocese de Itabuna se consagram a Maria em Festa de Acies"},"content":{"rendered":"<p style=\"font-weight: 400;\">\u201cA Festa de Acies \u00e9 a consagra\u00e7\u00e3o dos legion\u00e1rios a Nossa Senhora, momento de renova\u00e7\u00e3o do compromisso e fidelidade a Maria, e esperam dela receber a for\u00e7a e a ben\u00e7\u00e3o para continuar combatendo o mal\u201d, explicou o padre Gilvan Oliveira, p\u00e1roco da Igreja matriz de S\u00e3o Jos\u00e9, onde aconteceu neste domingo (08), a cerim\u00f4nia que consagrou os Legion\u00e1rios de Maria.<\/p>\n<p style=\"font-weight: 400;\">A cerim\u00f4nia teve in\u00edcio \u00e0s 14h. Os legion\u00e1rios come\u00e7aram rezando ter\u00e7o. \u00c0s 15h, Padre Gilvan Oliveira presidiu a Santa Missa e em seguida, os integrantes da Legi\u00e3o de Maria come\u00e7aram o ritual de consagra\u00e7\u00e3o em que, de dois em dois, \u00e0 frente do Vexillum (estandarte da Legi\u00e3o), tocavam a sua haste e, pronunciando em voz alta, se consagravam a Maria:\u00a0\u201cEu sou todo vosso, \u00f3 minha Rainha e minha M\u00e3e, e tudo quanto tenho vos pertence\u201d.<\/p>\n<p style=\"font-weight: 400;\">Estiveram presentes na Festa, os legion\u00e1rios das 14 par\u00f3quias de Itabuna, sendo que estes, representados de forma expressiva por mulheres. Segundo a coordena\u00e7\u00e3o, a festa\u00a0\u00a0\u00a0de Acies sempre foi em 25 de mar\u00e7o,mas este ano devido a Semana Santa, foi transferida para este dia domingo de abril.<\/p>\n<p style=\"font-weight: 400;\">Acies significa ex\u00e9rcito em forma de batalha em prontid\u00e3o para executar as ordens que lhes forem dadas, uma express\u00e3o em latim significando prontid\u00e3o e servi\u00e7o e este servi\u00e7o \u00e9 realizado atrav\u00e9s de ora\u00e7\u00f5es, visitas, prega\u00e7\u00e3o, presen\u00e7a junto aos doentes, entre outros.<\/p>\n<p style=\"font-weight: 400;\">A equipe do Portal Cat\u00f3lico parabeniza a todos os legion\u00e1rios (as) pelo \u201csim\u201d ao servi\u00e7o a Deus, semelhante ao \u201csim\u201d de Maria nossa M\u00e3e e Rainha!<\/p>\n<p style=\"font-weight: 400;\">Por:Reda\u00e7\u00e3o Portal Cat\u00f3lico<\/p>\n","protected":false},"excerpt":{"rendered":"<p>\u201cA Festa de Acies \u00e9 a consagra\u00e7\u00e3o dos legion\u00e1rios a Nossa Senhora, momento de renova\u00e7\u00e3o do compromisso e fidelidade a Maria, e esperam dela receber a for\u00e7a e a ben\u00e7\u00e3o para continuar combatendo o mal\u201d, explicou o padre Gilvan Oliveira, p\u00e1roco da Igreja matriz de S\u00e3o Jos\u00e9, onde aconteceu neste domingo (08), a cerim\u00f4nia que&nbsp;<\/p>\n<p><a class=\"btn btn-style\" href=\"http:\/\/portalcatolico.net\/portal\/legionarios-da-diocese-de-itabuna-se-consagram-a-maria-em-festa-de-acies\/\">Continue Reading<\/a><\/p>\n","protected":false},"author":2,"featured_media":54059,"comment_status":"open","ping_status":"open","sticky":false,"template":"","format":"standard","meta":{"footnotes":""},"categories":[68],"tags":[],"class_list":["post-54058","post","type-post","status-publish","format-standard","has-post-thumbnail","hentry","category-homilias"],"_links":{"self":[{"href":"http:\/\/portalcatolico.net\/portal\/wp-json\/wp\/v2\/posts\/54058","targetHints":{"allow":["GET"]}}],"collection":[{"href":"http:\/\/portalcatolico.net\/portal\/wp-json\/wp\/v2\/posts"}],"about":[{"href":"http:\/\/portalcatolico.net\/portal\/wp-json\/wp\/v2\/types\/post"}],"author":[{"embeddable":true,"href":"http:\/\/portalcatolico.net\/portal\/wp-json\/wp\/v2\/users\/2"}],"replies":[{"embeddable":true,"href":"http:\/\/portalcatolico.net\/portal\/wp-json\/wp\/v2\/comments?post=54058"}],"version-history":[{"count":2,"href":"http:\/\/portalcatolico.net\/portal\/wp-json\/wp\/v2\/posts\/54058\/revisions"}],"predecessor-version":[{"id":54062,"href":"http:\/\/portalcatolico.net\/portal\/wp-json\/wp\/v2\/posts\/54058\/revisions\/54062"}],"wp:featuredmedia":[{"embeddable":true,"href":"http:\/\/portalcatolico.net\/portal\/wp-json\/wp\/v2\/media\/54059"}],"wp:attachment":[{"href":"http:\/\/portalcatolico.net\/portal\/wp-json\/wp\/v2\/media?parent=54058"}],"wp:term":[{"taxonomy":"category","embeddable":true,"href":"http:\/\/portalcatolico.net\/portal\/wp-json\/wp\/v2\/categories?post=54058"},{"taxonomy":"post_tag","embeddable":true,"href":"http:\/\/portalcatolico.net\/portal\/wp-json\/wp\/v2\/tags?post=54058"}],"curies":[{"name":"wp","href":"https:\/\/api.w.org\/{rel}","templated":true}]}}