{"id":54053,"date":"2018-04-08T18:39:55","date_gmt":"2018-04-08T21:39:55","guid":{"rendered":"http:\/\/portalcatolico.net\/portal\/?p=54053"},"modified":"2018-04-08T18:47:41","modified_gmt":"2018-04-08T21:47:41","slug":"posse-canonica-de-dom-carlos-alberto-em-itabuna-completa-1-ano","status":"publish","type":"post","link":"http:\/\/portalcatolico.net\/portal\/posse-canonica-de-dom-carlos-alberto-em-itabuna-completa-1-ano\/","title":{"rendered":"Posse can\u00f4nica de Dom Carlos Alberto em Itabuna completa 1 ano"},"content":{"rendered":"<p class=\"m_5199901821680116708xgmail-msonospacing\"><em>Dom Carlos Alberto dos Santos\u00a0<\/em><em>comemorou\u00a0<\/em><em>nest<\/em><em>e s\u00e1bado, 07 de abril, seu<\/em><em>\u00a01\u00ba ano \u00e0 frente da Diocese de\u00a0<\/em><em>Itabuna,\u00a0<\/em><em>no sul da Bahia. A diocese, \u00e9<\/em><em>\u00a0compreendida\u00a0\u00a0por\u00a0<\/em><em>\u00a033 par\u00f3quias e mais de 140\u00a0\u00a0comunidades em 16 munic\u00edpios.\u00a0<\/em><em>A comemora\u00e7\u00e3o foi feita com uma missa que teve in\u00edcio \u00e0s 18h, e foi presidida pelo pr\u00f3prio bispo, e concelebrada por padres, di\u00e1conos, seminaristas e vocacionados.\u00a0<u><\/u><u><\/u><\/em><\/p>\n<p class=\"m_5199901821680116708xgmail-msonospacing\"><em>A posse can\u00f4nica\u00a0\u00a0aconteceu no dia 07 de abril de 2017, ap\u00f3s Dom Carlos Alberto\u00a0\u00a0ter sido escolhido pelo Papa Francisco\u00a0\u00a0no 1\u00aa de fevereiro de 2017. Anteriormente, Dom Calos pastoreou a Diocese de Teixeira de Freitas\/Caravelas, no extremo sul da Bahia, por um per\u00edodo de 12 anos. Ele \u00e9 o quinto bispo a assumir a Diocese de Itabuna num per\u00edodo de 40 anos. Dom Carlos\u00a0\u00a0tem a miss\u00e3o de ensinar, santificar e guiar em comunh\u00e3o hier\u00e1rquica com o sucessor de Pedro e com os outros membros do col\u00e9gio episcopal, as 33 par\u00f3quias e mais 140 comunidades, em 16 munic\u00edpios que pertencem \u00e0 Diocese.<\/em><u><\/u><u><\/u><\/p>\n<p class=\"m_5199901821680116708xgmail-msonospacing\">Neste primeiro ano, o bispo afirma que faz um balan\u00e7o positivo de sua trajet\u00f3ria. \u201c\u00c9 uma Diocese muito boa, muito religiosa, que tem vontade cada vez mais de formar uma comunidade de amor, que quer crescer, que quer viver, que quer voar para os bra\u00e7os de Jesus e de Nossa Senhora\u201d.<u><\/u><u><\/u><\/p>\n<p class=\"m_5199901821680116708xgmail-msonospacing\">Ele aproveitou a oportunidade para falar sobre o que tem planejado para a Diocese neste pr\u00f3ximo ciclo: \u201c\u00c9 fazer com que a Comunidade Diocesana tenha mais encontros, se torne mais aberta \u00e0 forma\u00e7\u00e3o, fazendo com que as pessoas se conscientizem de que a Igreja n\u00e3o \u00e9 o bispo, n\u00e3o \u00e9 o padre, mas somos todos n\u00f3s!\u201d<u><\/u><u><\/u><\/p>\n<p class=\"m_5199901821680116708xgmail-msonospacing\">Sergipano, Dom Carlos tem 62 anos de idade e foi ordenado padre em 1983, em Tobias Barreto (SE), sua cidade natal. Em 15 de junho de 2005\u00a0\u00a0nomeado bispo e ordenado em 26 de julho do mesmo ano, em Aracaju (SE).<\/p>\n<p class=\"m_5199901821680116708xgmail-msonospacing\">Por:Reda\u00e7\u00e3o Portal Cat\u00f3lico<\/p>\n<p class=\"m_5199901821680116708xgmail-msonospacing\">\u00c1lbum de fotos.<a href=\"https:\/\/www.facebook.com\/portalcatolicooficial\/\"><span style=\"color: #ff0000;\">Clique aqui<\/span><\/a><\/p>\n<p>&nbsp;<\/p>\n","protected":false},"excerpt":{"rendered":"<p>Dom Carlos Alberto dos Santos\u00a0comemorou\u00a0neste s\u00e1bado, 07 de abril, seu\u00a01\u00ba ano \u00e0 frente da Diocese de\u00a0Itabuna,\u00a0no sul da Bahia. A diocese, \u00e9\u00a0compreendida\u00a0\u00a0por\u00a0\u00a033 par\u00f3quias e mais de 140\u00a0\u00a0comunidades em 16 munic\u00edpios.\u00a0A comemora\u00e7\u00e3o foi feita com uma missa que teve in\u00edcio \u00e0s 18h, e foi presidida pelo pr\u00f3prio bispo, e concelebrada por padres, di\u00e1conos, seminaristas e vocacionados.\u00a0&nbsp;<\/p>\n<p><a class=\"btn btn-style\" href=\"http:\/\/portalcatolico.net\/portal\/posse-canonica-de-dom-carlos-alberto-em-itabuna-completa-1-ano\/\">Continue Reading<\/a><\/p>\n","protected":false},"author":2,"featured_media":54054,"comment_status":"open","ping_status":"open","sticky":false,"template":"","format":"standard","meta":{"footnotes":""},"categories":[65],"tags":[],"class_list":["post-54053","post","type-post","status-publish","format-standard","has-post-thumbnail","hentry","category-entrevistas"],"_links":{"self":[{"href":"http:\/\/portalcatolico.net\/portal\/wp-json\/wp\/v2\/posts\/54053","targetHints":{"allow":["GET"]}}],"collection":[{"href":"http:\/\/portalcatolico.net\/portal\/wp-json\/wp\/v2\/posts"}],"about":[{"href":"http:\/\/portalcatolico.net\/portal\/wp-json\/wp\/v2\/types\/post"}],"author":[{"embeddable":true,"href":"http:\/\/portalcatolico.net\/portal\/wp-json\/wp\/v2\/users\/2"}],"replies":[{"embeddable":true,"href":"http:\/\/portalcatolico.net\/portal\/wp-json\/wp\/v2\/comments?post=54053"}],"version-history":[{"count":2,"href":"http:\/\/portalcatolico.net\/portal\/wp-json\/wp\/v2\/posts\/54053\/revisions"}],"predecessor-version":[{"id":54057,"href":"http:\/\/portalcatolico.net\/portal\/wp-json\/wp\/v2\/posts\/54053\/revisions\/54057"}],"wp:featuredmedia":[{"embeddable":true,"href":"http:\/\/portalcatolico.net\/portal\/wp-json\/wp\/v2\/media\/54054"}],"wp:attachment":[{"href":"http:\/\/portalcatolico.net\/portal\/wp-json\/wp\/v2\/media?parent=54053"}],"wp:term":[{"taxonomy":"category","embeddable":true,"href":"http:\/\/portalcatolico.net\/portal\/wp-json\/wp\/v2\/categories?post=54053"},{"taxonomy":"post_tag","embeddable":true,"href":"http:\/\/portalcatolico.net\/portal\/wp-json\/wp\/v2\/tags?post=54053"}],"curies":[{"name":"wp","href":"https:\/\/api.w.org\/{rel}","templated":true}]}}