{"id":54048,"date":"2018-04-08T18:29:25","date_gmt":"2018-04-08T21:29:25","guid":{"rendered":"http:\/\/portalcatolico.net\/portal\/?p=54048"},"modified":"2018-04-08T18:32:58","modified_gmt":"2018-04-08T21:32:58","slug":"1o-encontro-do-apostolado-da-oracao-e-mej-diocesano-acontece-em-itabuna","status":"publish","type":"post","link":"http:\/\/portalcatolico.net\/portal\/1o-encontro-do-apostolado-da-oracao-e-mej-diocesano-acontece-em-itabuna\/","title":{"rendered":"1\u00ba Encontro do Apostolado da Ora\u00e7\u00e3o e MEJ Diocesano acontece em Itabuna"},"content":{"rendered":"<p style=\"font-weight: 400;\"><em>Aconteceu neste 7 de Abril, na Catedral de S\u00e3o Jos\u00e9, em Itabuna (BA), o 1\u00ba Encontro do Apostolado da Ora\u00e7\u00e3o e MEJ Diocesano, com presen\u00e7a confirmada de associados\u00a0\u00a0das par\u00f3quias que comp\u00f5em a Diocese de Itabuna. Mais de 400 membros do Apostolado da Ora\u00e7\u00e3o e do MEJ, participaram do evento, que contou com e a presen\u00e7a ilustre do Bispo Diocesano,\u00a0\u00a0Dom Carlos Alberto dos Santos.\u00a0<\/em><\/p>\n<p style=\"font-weight: 400;\"><em>O encontro iniciou\u00a0\u00a0\u00e0s 14h com a acolhida. O palestrante foi o\u00a0\u00a0associado Rafael\u00a0\u00a0que ministrou a palestra com o tema: \u201cApostolado da Ora\u00e7\u00e3o; ontem e hoje\u201d.<\/em><\/p>\n<p style=\"font-weight: 400;\"><em>A celebra\u00e7\u00e3o da Santa Missa, que aconteceu \u00e0s 18h, foi presidida pelo Bispo Diocesano, que na oportunidade, falou sobre a hist\u00f3ria do Apostolado da Ora\u00e7\u00e3o\u00a0(fundado na Fran\u00e7a, no ano de 1844,e que hoje est\u00e1 presente em 98 pa\u00edses\u00a0com mais de 36 milh\u00f5es de associados no mundo).<\/em><\/p>\n<p style=\"font-weight: 400;\"><em>\u201cS\u00e3o membros que existem em v\u00e1rias par\u00f3quias e hoje tentamos unificar, fazendo um grande encontro de forma\u00e7\u00e3o diocesano para nossa Igreja, para nossa Diocese. \u00c9 um motivo de muita alegria, muita esperan\u00e7a, em rever a nossa Diocese cada vez mais crescendo, unificando e vivendo essa alegria!\u201d, declarou o bispo.<\/em><\/p>\n<p style=\"font-weight: 400;\"><em>Ao final da celebra\u00e7\u00e3o, todos foram avisados de que j\u00e1 est\u00e1 agendado para o dia 25 de novembro, um Retiro para os membros. Ainda falta decidir o local do evento.<\/em><\/p>\n<p style=\"font-weight: 400;\">\u00a0Fotos e reportagem: Valdeni Elias<\/p>\n<p style=\"font-weight: 400;\">Texto: Anara Passos(Jornalista DRT 7574<\/p>\n<p style=\"font-weight: 400;\">\u00c1lbum de fotos.<a href=\"http:\/\/portalcatolico.net\/portal\/1o-encontro-do-apostolado-da-oracao-e-mej-em-itabuna\/\"><strong>Clique aqui<\/strong><\/a><\/p>\n<p style=\"font-weight: 400;\"><strong>Assista o v\u00eddeo:<\/strong><\/p>\n<p><iframe loading=\"lazy\"  id=\"_ytid_42180\"  width=\"480\" height=\"270\"  data-origwidth=\"480\" data-origheight=\"270\" src=\"https:\/\/www.youtube.com\/embed\/PD17SmauWSM?enablejsapi=1&#038;autoplay=0&#038;cc_load_policy=0&#038;cc_lang_pref=&#038;iv_load_policy=1&#038;loop=0&#038;rel=1&#038;fs=1&#038;playsinline=0&#038;autohide=2&#038;theme=dark&#038;color=red&#038;controls=1&#038;disablekb=0&#038;\" class=\"__youtube_prefs__  epyt-is-override  no-lazyload\" title=\"YouTube player\"  allow=\"fullscreen; accelerometer; autoplay; clipboard-write; encrypted-media; gyroscope; picture-in-picture; web-share\" referrerpolicy=\"strict-origin-when-cross-origin\" allowfullscreen data-no-lazy=\"1\" data-skipgform_ajax_framebjll=\"\"><\/iframe><\/p>\n<p>&nbsp;<\/p>\n","protected":false},"excerpt":{"rendered":"<p>Aconteceu neste 7 de Abril, na Catedral de S\u00e3o Jos\u00e9, em Itabuna (BA), o 1\u00ba Encontro do Apostolado da Ora\u00e7\u00e3o e MEJ Diocesano, com presen\u00e7a confirmada de associados\u00a0\u00a0das par\u00f3quias que comp\u00f5em a Diocese de Itabuna. Mais de 400 membros do Apostolado da Ora\u00e7\u00e3o e do MEJ, participaram do evento, que contou com e a presen\u00e7a&nbsp;<\/p>\n<p><a class=\"btn btn-style\" href=\"http:\/\/portalcatolico.net\/portal\/1o-encontro-do-apostolado-da-oracao-e-mej-diocesano-acontece-em-itabuna\/\">Continue Reading<\/a><\/p>\n","protected":false},"author":2,"featured_media":54049,"comment_status":"open","ping_status":"open","sticky":false,"template":"","format":"standard","meta":{"footnotes":""},"categories":[65],"tags":[],"class_list":["post-54048","post","type-post","status-publish","format-standard","has-post-thumbnail","hentry","category-entrevistas"],"_links":{"self":[{"href":"http:\/\/portalcatolico.net\/portal\/wp-json\/wp\/v2\/posts\/54048","targetHints":{"allow":["GET"]}}],"collection":[{"href":"http:\/\/portalcatolico.net\/portal\/wp-json\/wp\/v2\/posts"}],"about":[{"href":"http:\/\/portalcatolico.net\/portal\/wp-json\/wp\/v2\/types\/post"}],"author":[{"embeddable":true,"href":"http:\/\/portalcatolico.net\/portal\/wp-json\/wp\/v2\/users\/2"}],"replies":[{"embeddable":true,"href":"http:\/\/portalcatolico.net\/portal\/wp-json\/wp\/v2\/comments?post=54048"}],"version-history":[{"count":3,"href":"http:\/\/portalcatolico.net\/portal\/wp-json\/wp\/v2\/posts\/54048\/revisions"}],"predecessor-version":[{"id":54052,"href":"http:\/\/portalcatolico.net\/portal\/wp-json\/wp\/v2\/posts\/54048\/revisions\/54052"}],"wp:featuredmedia":[{"embeddable":true,"href":"http:\/\/portalcatolico.net\/portal\/wp-json\/wp\/v2\/media\/54049"}],"wp:attachment":[{"href":"http:\/\/portalcatolico.net\/portal\/wp-json\/wp\/v2\/media?parent=54048"}],"wp:term":[{"taxonomy":"category","embeddable":true,"href":"http:\/\/portalcatolico.net\/portal\/wp-json\/wp\/v2\/categories?post=54048"},{"taxonomy":"post_tag","embeddable":true,"href":"http:\/\/portalcatolico.net\/portal\/wp-json\/wp\/v2\/tags?post=54048"}],"curies":[{"name":"wp","href":"https:\/\/api.w.org\/{rel}","templated":true}]}}