{"id":53962,"date":"2018-04-08T08:49:47","date_gmt":"2018-04-08T11:49:47","guid":{"rendered":"http:\/\/portalcatolico.net\/portal\/?p=53962"},"modified":"2018-04-08T08:49:47","modified_gmt":"2018-04-08T11:49:47","slug":"ilheus-sera-palco-do-encontro-internacional-de-fe-e-alegria","status":"publish","type":"post","link":"http:\/\/portalcatolico.net\/portal\/ilheus-sera-palco-do-encontro-internacional-de-fe-e-alegria\/","title":{"rendered":"Ilh\u00e9us ser\u00e1 palco do \u201cEncontro Internacional de f\u00e9 e alegria\u201d"},"content":{"rendered":"<p class=\"m_-7507611556105626101xgmail-msonospacing\"><em>O Encontro Internacional\u00a0\u00a0de F\u00e9 e alegria, miss\u00e3o dos Jesu\u00edtas, acontecer\u00e1 pela primeira vez na cidade e diocese de Ilh\u00e9us, entre os dias 9 a 13 de abril.<u><\/u><u><\/u><\/em><\/p>\n<p class=\"m_-7507611556105626101xgmail-msonospacing\"><em>No dia 13, \u00e0s 19h, a Celebra\u00e7\u00e3o Eucar\u00edstica acontecer\u00e1 na Catedral Diocesana de S\u00e3o Sebasti\u00e3o e contar\u00e1 com dirigentes da institui\u00e7\u00e3o de\u00a0mais de 21 pa\u00edses por onde atua.<\/em><u><\/u><u><\/u><\/p>\n<p class=\"m_-7507611556105626101xgmail-msonospacing\">No decorrer de 35 anos, F\u00e9 e Alegria Brasil ampliou seus horizontes geogr\u00e1ficos e educacionais. Atualmente, mais de 13 mil pessoas, entre crian\u00e7as, jovens e adultos, em 20 cidades de 14 estados, s\u00e3o beneficiadas pelas a\u00e7\u00f5es de Educa\u00e7\u00e3o e Promo\u00e7\u00e3o Social da Funda\u00e7\u00e3o. No mundo, s\u00e3o 1,5 milh\u00f5es de pessoas, em 21 pa\u00edses da Am\u00e9rica Latina, Europa e \u00c1frica, em cerca de 4.000 centros educativos e sociais, em 3.000 pontos geogr\u00e1ficos.<u><\/u><u><\/u><\/p>\n<p class=\"m_-7507611556105626101xgmail-msonospacing\">Acesse o site e conhe\u00e7a melhor o trabalho desta institui\u00e7\u00e3o:\u00a0<a href=\"https:\/\/fealegria.org.br\/sobre-nos\/\" target=\"_blank\" data-saferedirecturl=\"https:\/\/www.google.com\/url?hl=pt-BR&amp;q=https:\/\/fealegria.org.br\/sobre-nos\/&amp;source=gmail&amp;ust=1523274333592000&amp;usg=AFQjCNEyM36nIJf6mxFhMysnaQNTmgFiPw\">https:\/\/<wbr \/>fealegria.org.br\/sobre-nos\/<\/a><\/p>\n<p class=\"m_-7507611556105626101xgmail-msonospacing\">Texto:Reda\u00e7\u00e3o Portal Cat\u00f3lico<\/p>\n","protected":false},"excerpt":{"rendered":"<p>O Encontro Internacional\u00a0\u00a0de F\u00e9 e alegria, miss\u00e3o dos Jesu\u00edtas, acontecer\u00e1 pela primeira vez na cidade e diocese de Ilh\u00e9us, entre os dias 9 a 13 de abril. No dia 13, \u00e0s 19h, a Celebra\u00e7\u00e3o Eucar\u00edstica acontecer\u00e1 na Catedral Diocesana de S\u00e3o Sebasti\u00e3o e contar\u00e1 com dirigentes da institui\u00e7\u00e3o de\u00a0mais de 21 pa\u00edses por onde atua.&nbsp;<\/p>\n<p><a class=\"btn btn-style\" href=\"http:\/\/portalcatolico.net\/portal\/ilheus-sera-palco-do-encontro-internacional-de-fe-e-alegria\/\">Continue Reading<\/a><\/p>\n","protected":false},"author":2,"featured_media":53963,"comment_status":"open","ping_status":"open","sticky":false,"template":"","format":"standard","meta":{"footnotes":""},"categories":[1],"tags":[],"class_list":["post-53962","post","type-post","status-publish","format-standard","has-post-thumbnail","hentry","category-agenda"],"_links":{"self":[{"href":"http:\/\/portalcatolico.net\/portal\/wp-json\/wp\/v2\/posts\/53962","targetHints":{"allow":["GET"]}}],"collection":[{"href":"http:\/\/portalcatolico.net\/portal\/wp-json\/wp\/v2\/posts"}],"about":[{"href":"http:\/\/portalcatolico.net\/portal\/wp-json\/wp\/v2\/types\/post"}],"author":[{"embeddable":true,"href":"http:\/\/portalcatolico.net\/portal\/wp-json\/wp\/v2\/users\/2"}],"replies":[{"embeddable":true,"href":"http:\/\/portalcatolico.net\/portal\/wp-json\/wp\/v2\/comments?post=53962"}],"version-history":[{"count":1,"href":"http:\/\/portalcatolico.net\/portal\/wp-json\/wp\/v2\/posts\/53962\/revisions"}],"predecessor-version":[{"id":53964,"href":"http:\/\/portalcatolico.net\/portal\/wp-json\/wp\/v2\/posts\/53962\/revisions\/53964"}],"wp:featuredmedia":[{"embeddable":true,"href":"http:\/\/portalcatolico.net\/portal\/wp-json\/wp\/v2\/media\/53963"}],"wp:attachment":[{"href":"http:\/\/portalcatolico.net\/portal\/wp-json\/wp\/v2\/media?parent=53962"}],"wp:term":[{"taxonomy":"category","embeddable":true,"href":"http:\/\/portalcatolico.net\/portal\/wp-json\/wp\/v2\/categories?post=53962"},{"taxonomy":"post_tag","embeddable":true,"href":"http:\/\/portalcatolico.net\/portal\/wp-json\/wp\/v2\/tags?post=53962"}],"curies":[{"name":"wp","href":"https:\/\/api.w.org\/{rel}","templated":true}]}}