{"id":53914,"date":"2018-04-06T20:57:40","date_gmt":"2018-04-06T23:57:40","guid":{"rendered":"http:\/\/portalcatolico.net\/portal\/?p=53914"},"modified":"2018-04-06T21:29:35","modified_gmt":"2018-04-07T00:29:35","slug":"missa-especial-celebra-aniversario-de-posse-canonica-do-bispo-de-itabuna-neste-sabado","status":"publish","type":"post","link":"http:\/\/portalcatolico.net\/portal\/missa-especial-celebra-aniversario-de-posse-canonica-do-bispo-de-itabuna-neste-sabado\/","title":{"rendered":"Missa especial celebra anivers\u00e1rio de Posse Can\u00f4nica do Bispo de Itabuna neste s\u00e1bado"},"content":{"rendered":"<p style=\"font-weight: 400;\">A Pastoral Presbiteral e o Vig\u00e1rio Geral convidam aos senhores Padres, Di\u00e1conos, Religiosas e Religiosos, Seminaristas e todo povo de Deus para a Missa do 1\u00b0 Anivers\u00e1rio da Posse Can\u00f4nica do nosso Bispo Diocesano \u00e0s 18h, neste s\u00e1bado (07.04), na Catedral Diocesana em Itabuna (BA).<\/p>\n<p style=\"font-weight: 400;\">O objetivo da missa \u00e9 rezar pela ocasi\u00e3o especial da vida e minist\u00e9rio do Bispo Dom Carlos Alberto dos Santos. \u00c0queles que n\u00e3o puderem comparecer, podem rezar em qualquer lugar, por esta mesma inten\u00e7\u00e3o.<\/p>\n<p style=\"font-weight: 400;\">\n","protected":false},"excerpt":{"rendered":"<p>A Pastoral Presbiteral e o Vig\u00e1rio Geral convidam aos senhores Padres, Di\u00e1conos, Religiosas e Religiosos, Seminaristas e todo povo de Deus para a Missa do 1\u00b0 Anivers\u00e1rio da Posse Can\u00f4nica do nosso Bispo Diocesano \u00e0s 18h, neste s\u00e1bado (07.04), na Catedral Diocesana em Itabuna (BA). O objetivo da missa \u00e9 rezar pela ocasi\u00e3o especial da&nbsp;<\/p>\n<p><a class=\"btn btn-style\" href=\"http:\/\/portalcatolico.net\/portal\/missa-especial-celebra-aniversario-de-posse-canonica-do-bispo-de-itabuna-neste-sabado\/\">Continue Reading<\/a><\/p>\n","protected":false},"author":2,"featured_media":53917,"comment_status":"open","ping_status":"open","sticky":false,"template":"","format":"standard","meta":{"footnotes":""},"categories":[4],"tags":[],"class_list":["post-53914","post","type-post","status-publish","format-standard","has-post-thumbnail","hentry","category-destaques"],"_links":{"self":[{"href":"http:\/\/portalcatolico.net\/portal\/wp-json\/wp\/v2\/posts\/53914","targetHints":{"allow":["GET"]}}],"collection":[{"href":"http:\/\/portalcatolico.net\/portal\/wp-json\/wp\/v2\/posts"}],"about":[{"href":"http:\/\/portalcatolico.net\/portal\/wp-json\/wp\/v2\/types\/post"}],"author":[{"embeddable":true,"href":"http:\/\/portalcatolico.net\/portal\/wp-json\/wp\/v2\/users\/2"}],"replies":[{"embeddable":true,"href":"http:\/\/portalcatolico.net\/portal\/wp-json\/wp\/v2\/comments?post=53914"}],"version-history":[{"count":2,"href":"http:\/\/portalcatolico.net\/portal\/wp-json\/wp\/v2\/posts\/53914\/revisions"}],"predecessor-version":[{"id":53919,"href":"http:\/\/portalcatolico.net\/portal\/wp-json\/wp\/v2\/posts\/53914\/revisions\/53919"}],"wp:featuredmedia":[{"embeddable":true,"href":"http:\/\/portalcatolico.net\/portal\/wp-json\/wp\/v2\/media\/53917"}],"wp:attachment":[{"href":"http:\/\/portalcatolico.net\/portal\/wp-json\/wp\/v2\/media?parent=53914"}],"wp:term":[{"taxonomy":"category","embeddable":true,"href":"http:\/\/portalcatolico.net\/portal\/wp-json\/wp\/v2\/categories?post=53914"},{"taxonomy":"post_tag","embeddable":true,"href":"http:\/\/portalcatolico.net\/portal\/wp-json\/wp\/v2\/tags?post=53914"}],"curies":[{"name":"wp","href":"https:\/\/api.w.org\/{rel}","templated":true}]}}