{"id":53911,"date":"2018-04-12T14:10:49","date_gmt":"2018-04-12T17:10:49","guid":{"rendered":"http:\/\/portalcatolico.net\/portal\/?p=53911"},"modified":"2018-04-12T14:08:20","modified_gmt":"2018-04-12T17:08:20","slug":"diocese-de-itabuna-prepara-missa-para-os-jovens","status":"publish","type":"post","link":"http:\/\/portalcatolico.net\/portal\/diocese-de-itabuna-prepara-missa-para-os-jovens\/","title":{"rendered":"Diocese de Itabuna prepara missa para os jovens!"},"content":{"rendered":"<div dir=\"auto\">A<i>\u00a0Diocese de Itabuna tem a honra e alegria de convidar toda \u00a0a juventude para uma santa \u00a0missa dedicada ao Jovem, que acontecer\u00e1,no dia 14 de abril, na par\u00f3quia Nossa Senhora da Concei\u00e7\u00e3o, em Itabuna (BA).\u00a0<\/i><\/div>\n<div dir=\"auto\"><i>A celebra\u00e7\u00e3o vai come\u00e7ar \u00e0s 15h e tem por objetivo fazer com que os jovens se envolvam cada vez mais com a evangeliza\u00e7\u00e3o, nos, grupos, movimentos e pastorais nas par\u00f3quias.<\/i><i>\u00a0<\/i><\/div>\n<div dir=\"auto\"><i>Participe!<\/i><\/div>\n<div dir=\"auto\">Texto:Reda\u00e7\u00e3o Portal Cat\u00f3lico<\/div>\n","protected":false},"excerpt":{"rendered":"<p>A\u00a0Diocese de Itabuna tem a honra e alegria de convidar toda \u00a0a juventude para uma santa \u00a0missa dedicada ao Jovem, que acontecer\u00e1,no dia 14 de abril, na par\u00f3quia Nossa Senhora da Concei\u00e7\u00e3o, em Itabuna (BA).\u00a0 A celebra\u00e7\u00e3o vai come\u00e7ar \u00e0s 15h e tem por objetivo fazer com que os jovens se envolvam cada vez mais&nbsp;<\/p>\n<p><a class=\"btn btn-style\" href=\"http:\/\/portalcatolico.net\/portal\/diocese-de-itabuna-prepara-missa-para-os-jovens\/\">Continue Reading<\/a><\/p>\n","protected":false},"author":2,"featured_media":53912,"comment_status":"open","ping_status":"open","sticky":false,"template":"","format":"standard","meta":{"footnotes":""},"categories":[1],"tags":[],"class_list":["post-53911","post","type-post","status-publish","format-standard","has-post-thumbnail","hentry","category-agenda"],"_links":{"self":[{"href":"http:\/\/portalcatolico.net\/portal\/wp-json\/wp\/v2\/posts\/53911","targetHints":{"allow":["GET"]}}],"collection":[{"href":"http:\/\/portalcatolico.net\/portal\/wp-json\/wp\/v2\/posts"}],"about":[{"href":"http:\/\/portalcatolico.net\/portal\/wp-json\/wp\/v2\/types\/post"}],"author":[{"embeddable":true,"href":"http:\/\/portalcatolico.net\/portal\/wp-json\/wp\/v2\/users\/2"}],"replies":[{"embeddable":true,"href":"http:\/\/portalcatolico.net\/portal\/wp-json\/wp\/v2\/comments?post=53911"}],"version-history":[{"count":1,"href":"http:\/\/portalcatolico.net\/portal\/wp-json\/wp\/v2\/posts\/53911\/revisions"}],"predecessor-version":[{"id":53913,"href":"http:\/\/portalcatolico.net\/portal\/wp-json\/wp\/v2\/posts\/53911\/revisions\/53913"}],"wp:featuredmedia":[{"embeddable":true,"href":"http:\/\/portalcatolico.net\/portal\/wp-json\/wp\/v2\/media\/53912"}],"wp:attachment":[{"href":"http:\/\/portalcatolico.net\/portal\/wp-json\/wp\/v2\/media?parent=53911"}],"wp:term":[{"taxonomy":"category","embeddable":true,"href":"http:\/\/portalcatolico.net\/portal\/wp-json\/wp\/v2\/categories?post=53911"},{"taxonomy":"post_tag","embeddable":true,"href":"http:\/\/portalcatolico.net\/portal\/wp-json\/wp\/v2\/tags?post=53911"}],"curies":[{"name":"wp","href":"https:\/\/api.w.org\/{rel}","templated":true}]}}