{"id":53908,"date":"2018-04-06T06:00:21","date_gmt":"2018-04-06T09:00:21","guid":{"rendered":"http:\/\/portalcatolico.net\/portal\/?p=53908"},"modified":"2018-04-06T06:00:21","modified_gmt":"2018-04-06T09:00:21","slug":"seminarista-do-rio-grande-do-sul-cumpre-ano-pastoral-em-teixeira-de-freitas","status":"publish","type":"post","link":"http:\/\/portalcatolico.net\/portal\/seminarista-do-rio-grande-do-sul-cumpre-ano-pastoral-em-teixeira-de-freitas\/","title":{"rendered":"Seminarista do Rio Grande do Sul cumpre ano pastoral em Teixeira de Freitas"},"content":{"rendered":"<p>Depois de algumas etapas como anima\u00e7\u00e3o vocacional, semin\u00e1rio proped\u00eautico e alguns anos de estudo universit\u00e1rio, o Seminarista passa um ano vivenciando o dia a dia da Diocese. Ederson Tiago Oliveira da Silva, que est\u00e1 em seu nono ano de forma\u00e7\u00e3o, foi convidado pelo Bispo Dom Jailton para cumprir seu ano pastoral na Diocese Teixeira de Freitas\/Caravelas. Durante esse tempo ele reside no Centro Diocesano e atua em especial na par\u00f3quia S\u00e3o Jos\u00e9 Oper\u00e1rio.<\/p>\n<p>O Seminarista conta que normalmente esse ano pastoral acontece na Diocese de origem, mas ficou satisfeito em poder conhecer a realidade de outro local, contribuindo da maneira que pode para seu crescimento e desenvolvimento: \u201cEstou aqui h\u00e1 pouco tempo, mas j\u00e1 pude perceber que os fi\u00e9is s\u00e3o muito animados e comprometidos. \u00c9 um povo com grande presen\u00e7a de Deus. S\u00e3o 13 munic\u00edpios, muitas par\u00f3quias, ainda n\u00e3o tive a oportunidade de conhecer todas, mas sei que ao longo do tempo tuso isso ser\u00e1 poss\u00edvel e fico muito feliz em poder fazer parte disso tudo\u201d.<\/p>\n<blockquote><p>\u201cEstou tentando trazer para os fieis da comunidade esse fogo das voca\u00e7\u00f5es.\u201d<\/p><\/blockquote>\n<p>E voc\u00ea pode estar se perguntando o que exatamente o Seminarista faz durante esse ano. Quais s\u00e3o as suas responsabilidades? No caso de Ederson, uma de suas fun\u00e7\u00f5es \u00e9 auxiliar na anima\u00e7\u00e3o vocacional: \u201cEu estou tentando trazer para os fieis da comunidade esse fogo das voca\u00e7\u00f5es. Para isso, atuarei diretamente com o Padre Roberto, que agora \u00e9 reitor do Semin\u00e1rio e tamb\u00e9m assumiu a fun\u00e7\u00e3o de animador vocacional da Diocese. Farei um trabalho n\u00e3o apenas aqui em Teixeira de Freitas, onde estou alocado, mas nas demais cidades vizinhas, conversando e convidando os jovens a ouvir seus chamados. Para isso, j\u00e1 estamos organizando os encontros vocacionais. Ser\u00e3o momentos diferentes e espec\u00edficos, tendo op\u00e7\u00f5es tanto mais gerais, englobando at\u00e9 os casais de namorados que querem seguir o matrim\u00f4nio, quanto direcionado s\u00f3 a meninos e s\u00f3 a meninas que querem seguir a vida consagrada\u201d.<\/p>\n<p>Durante a semana, Ederson fica no Centro Diocesano organizando sua agenda das voca\u00e7\u00f5es e tamb\u00e9m cumprindo algumas fun\u00e7\u00f5es administrativas que s\u00e3o necess\u00e1rias para a Diocese. Mas no fim de semana, vivencia um momento de maior proximidade e intimidade com a comunidade, indo diretamente para a par\u00f3quia S\u00e3o Jos\u00e9 Oper\u00e1rio, que fica pr\u00f3xima do local. Ele \u00e9 acompanhado por alguns meninos que integram o semin\u00e1rio proped\u00eautico, que tamb\u00e9m precisam desenvolver algumas fun\u00e7\u00f5es e atuar nas par\u00f3quias.<\/p>\n<p><strong>Vida vocacional<\/strong><\/p>\n<blockquote><p>\u201c\u00c0s vezes temos que ouvir com aten\u00e7\u00e3o e perceber os delicados sinais que o Senhor nos d\u00e1.\u201d<\/p><\/blockquote>\n<p>Ederson tem 24 anos e j\u00e1 est\u00e1 em seu nono ano de Semin\u00e1rio. Tudo come\u00e7ou em sua Diocese de origem, em Os\u00f3rio, no Rio Grande do Sul. Ele sempre foi acostumado \u00e0 caminhada da igreja, participava das missas e acompanhava sua m\u00e3e, que sempre foi muito devota. Segundo ele, seu chamado aconteceu depois de um momento muito triste e dif\u00edcil: \u201cAp\u00f3s 35 anos de matrim\u00f4nio, meu pai se separou da minha m\u00e3e. Foi um momento extremamente complicado e delicado para ela. Sou o filho mais novo, na \u00e9poca tinha 13 anos, e me tornei ainda mais apegado a ela. Queria fazer companhia e n\u00e3o deixar que ela se sentisse sozinha. Nunca tinha pensado em ser padre, mas \u00e0s vezes temos que ouvir com aten\u00e7\u00e3o e perceber os delicados sinais que o Senhor nos d\u00e1\u201d.<\/p>\n<p>Como sempre gostou muito de futebol e jogava nos times da cidade, ficou surpreso ao receber o convite do padre para jogar com ele uma partida. \u201cEu achava que os padres s\u00f3 ficavam na missa ou rezando em casa. Nunca achei que eles pudessem fazer coisas t\u00e3o normais quanto jogar futebol, por exemplo. Achei esse lado diferente da vida sacerdotal interessante, algo que eu n\u00e3o conhecia e muito menos imaginava. Depois desse dia, recebi o convite para o encontro vocacional\u201d.<\/p>\n<p>O adolescente inicialmente n\u00e3o queria aceitar o convite, principalmente porque n\u00e3o conseguia se enxergar sem a sua m\u00e3e. Mas ela o incentivou a pelo menos tentar e disse que mesmo que n\u00e3o desse certo \u201cestaria sempre de bra\u00e7os abertos para receb\u00ea-lo em casa novamente\u201d. Ele participou do Kair\u00f3s, que tem a proposta de levar os meninos durante um fim se semana, longe da fam\u00edlia, para conviver com outros vocacionados. \u201cDepois de pouco mais de um ano, perto de completar meus 15 anos, recebi o convite para permanecer no caminho da voca\u00e7\u00e3o, ficar realmente no semin\u00e1rio. Eu tinha muito receio de deixar minha m\u00e3e, mas ela foi minha grande incentivadora\u201d.<\/p>\n<p><strong>Caminhada do Seminarista<\/strong><\/p>\n<p>Ederson entrou realmente no semin\u00e1rio quando tinha 16 anos. Ele passou um ano no semin\u00e1rio menor e completou o terceiro ano do Ensino M\u00e9dio. Ele conta que cada dia sentia uma intensidade maior em sua voca\u00e7\u00e3o e no chamado que Deus tinha para sua vida. Em seguida, em 2011, fez o semin\u00e1rio proped\u00eautico na cidade de Gravata\u00ed, na mesma regi\u00e3o, onde fica o semin\u00e1rio da Arquidiocese de Porto Alegre. No ano seguinte, ingressou no curso de Filosofia, fazendo tr\u00eas anos dessa forma\u00e7\u00e3o universit\u00e1ria. Em 2015 ele fez uma pausa. Iria ingressar em Teologia, mas por ser ainda muito jovem, em conjunto decidiram que seria melhor esperar um pouco para dar continuidade aos estudos. Em 2016 e 2017 iniciou o curso de Teologia e agora em 2018 realiza seu ano pastoral. Quando retornar ao Sul finalizar\u00e1 seus estudos.<\/p>\n<p>PASCOM-Diocese de Teixeira de Freitas\/Caravelas-Ba.<\/p>\n","protected":false},"excerpt":{"rendered":"<p>Depois de algumas etapas como anima\u00e7\u00e3o vocacional, semin\u00e1rio proped\u00eautico e alguns anos de estudo universit\u00e1rio, o Seminarista passa um ano vivenciando o dia a dia da Diocese. Ederson Tiago Oliveira da Silva, que est\u00e1 em seu nono ano de forma\u00e7\u00e3o, foi convidado pelo Bispo Dom Jailton para cumprir seu ano pastoral na Diocese Teixeira de&nbsp;<\/p>\n<p><a class=\"btn btn-style\" href=\"http:\/\/portalcatolico.net\/portal\/seminarista-do-rio-grande-do-sul-cumpre-ano-pastoral-em-teixeira-de-freitas\/\">Continue Reading<\/a><\/p>\n","protected":false},"author":2,"featured_media":53909,"comment_status":"open","ping_status":"open","sticky":false,"template":"","format":"standard","meta":{"footnotes":""},"categories":[4],"tags":[],"class_list":["post-53908","post","type-post","status-publish","format-standard","has-post-thumbnail","hentry","category-destaques"],"_links":{"self":[{"href":"http:\/\/portalcatolico.net\/portal\/wp-json\/wp\/v2\/posts\/53908","targetHints":{"allow":["GET"]}}],"collection":[{"href":"http:\/\/portalcatolico.net\/portal\/wp-json\/wp\/v2\/posts"}],"about":[{"href":"http:\/\/portalcatolico.net\/portal\/wp-json\/wp\/v2\/types\/post"}],"author":[{"embeddable":true,"href":"http:\/\/portalcatolico.net\/portal\/wp-json\/wp\/v2\/users\/2"}],"replies":[{"embeddable":true,"href":"http:\/\/portalcatolico.net\/portal\/wp-json\/wp\/v2\/comments?post=53908"}],"version-history":[{"count":1,"href":"http:\/\/portalcatolico.net\/portal\/wp-json\/wp\/v2\/posts\/53908\/revisions"}],"predecessor-version":[{"id":53910,"href":"http:\/\/portalcatolico.net\/portal\/wp-json\/wp\/v2\/posts\/53908\/revisions\/53910"}],"wp:featuredmedia":[{"embeddable":true,"href":"http:\/\/portalcatolico.net\/portal\/wp-json\/wp\/v2\/media\/53909"}],"wp:attachment":[{"href":"http:\/\/portalcatolico.net\/portal\/wp-json\/wp\/v2\/media?parent=53908"}],"wp:term":[{"taxonomy":"category","embeddable":true,"href":"http:\/\/portalcatolico.net\/portal\/wp-json\/wp\/v2\/categories?post=53908"},{"taxonomy":"post_tag","embeddable":true,"href":"http:\/\/portalcatolico.net\/portal\/wp-json\/wp\/v2\/tags?post=53908"}],"curies":[{"name":"wp","href":"https:\/\/api.w.org\/{rel}","templated":true}]}}