{"id":53904,"date":"2018-04-05T21:21:15","date_gmt":"2018-04-06T00:21:15","guid":{"rendered":"http:\/\/portalcatolico.net\/portal\/?p=53904"},"modified":"2018-04-05T21:21:15","modified_gmt":"2018-04-06T00:21:15","slug":"xiv-romaria-da-terra-e-das-aguas-vai-acontecer-em-coaraci","status":"publish","type":"post","link":"http:\/\/portalcatolico.net\/portal\/xiv-romaria-da-terra-e-das-aguas-vai-acontecer-em-coaraci\/","title":{"rendered":"XIV Romaria da Terra e das \u00c1guas vai acontecer em Coaraci"},"content":{"rendered":"<p class=\"m_5732676166520834883xgmail-msonospacing\">A Diocese de Ilh\u00e9us, no sul da Bahia, realizar\u00e1 no dia 29 de abril, a XIV Romaria da Terra e das \u00c1guas e a par\u00f3quia anfitri\u00e3\u00a0\u00a0ser\u00e1 a de Nossa Senhora de Lourdes em Coaraci (BA), pois a mesma est\u00e1 em festa, comemorando\u00a0\u00a0o Jubileu de Ouro.<u><\/u><u><\/u><\/p>\n<p class=\"m_5732676166520834883xgmail-msonospacing\">Os organizadores est\u00e3o vendendo camisa. Se voc\u00ea tiver interesse, entre em contato com a secretaria da par\u00f3quia, atrav\u00e9s\u00a0\u00a0do telefone: (73) 3241 1308.<u><\/u><u><\/u><\/p>\n<p class=\"m_5732676166520834883xgmail-msonospacing\">Participe!<\/p>\n<p class=\"m_5732676166520834883xgmail-msonospacing\">Texto:Reda\u00e7\u00e3o Portal Cat\u00f3lico.net<\/p>\n","protected":false},"excerpt":{"rendered":"<p>A Diocese de Ilh\u00e9us, no sul da Bahia, realizar\u00e1 no dia 29 de abril, a XIV Romaria da Terra e das \u00c1guas e a par\u00f3quia anfitri\u00e3\u00a0\u00a0ser\u00e1 a de Nossa Senhora de Lourdes em Coaraci (BA), pois a mesma est\u00e1 em festa, comemorando\u00a0\u00a0o Jubileu de Ouro. Os organizadores est\u00e3o vendendo camisa. Se voc\u00ea tiver interesse, entre&nbsp;<\/p>\n<p><a class=\"btn btn-style\" href=\"http:\/\/portalcatolico.net\/portal\/xiv-romaria-da-terra-e-das-aguas-vai-acontecer-em-coaraci\/\">Continue Reading<\/a><\/p>\n","protected":false},"author":2,"featured_media":53905,"comment_status":"open","ping_status":"open","sticky":false,"template":"","format":"standard","meta":{"footnotes":""},"categories":[1],"tags":[],"class_list":["post-53904","post","type-post","status-publish","format-standard","has-post-thumbnail","hentry","category-agenda"],"_links":{"self":[{"href":"http:\/\/portalcatolico.net\/portal\/wp-json\/wp\/v2\/posts\/53904","targetHints":{"allow":["GET"]}}],"collection":[{"href":"http:\/\/portalcatolico.net\/portal\/wp-json\/wp\/v2\/posts"}],"about":[{"href":"http:\/\/portalcatolico.net\/portal\/wp-json\/wp\/v2\/types\/post"}],"author":[{"embeddable":true,"href":"http:\/\/portalcatolico.net\/portal\/wp-json\/wp\/v2\/users\/2"}],"replies":[{"embeddable":true,"href":"http:\/\/portalcatolico.net\/portal\/wp-json\/wp\/v2\/comments?post=53904"}],"version-history":[{"count":1,"href":"http:\/\/portalcatolico.net\/portal\/wp-json\/wp\/v2\/posts\/53904\/revisions"}],"predecessor-version":[{"id":53906,"href":"http:\/\/portalcatolico.net\/portal\/wp-json\/wp\/v2\/posts\/53904\/revisions\/53906"}],"wp:featuredmedia":[{"embeddable":true,"href":"http:\/\/portalcatolico.net\/portal\/wp-json\/wp\/v2\/media\/53905"}],"wp:attachment":[{"href":"http:\/\/portalcatolico.net\/portal\/wp-json\/wp\/v2\/media?parent=53904"}],"wp:term":[{"taxonomy":"category","embeddable":true,"href":"http:\/\/portalcatolico.net\/portal\/wp-json\/wp\/v2\/categories?post=53904"},{"taxonomy":"post_tag","embeddable":true,"href":"http:\/\/portalcatolico.net\/portal\/wp-json\/wp\/v2\/tags?post=53904"}],"curies":[{"name":"wp","href":"https:\/\/api.w.org\/{rel}","templated":true}]}}