{"id":53900,"date":"2018-04-05T19:24:15","date_gmt":"2018-04-05T22:24:15","guid":{"rendered":"http:\/\/portalcatolico.net\/portal\/?p=53900"},"modified":"2018-04-05T19:25:25","modified_gmt":"2018-04-05T22:25:25","slug":"bispo-de-camacari-recebera-titulo-de-cidadao-baiano","status":"publish","type":"post","link":"http:\/\/portalcatolico.net\/portal\/bispo-de-camacari-recebera-titulo-de-cidadao-baiano\/","title":{"rendered":"Bispo de Cama\u00e7ari receber\u00e1 t\u00edtulo de cidad\u00e3o baiano"},"content":{"rendered":"<p>O bispo da Diocese de Cama\u00e7ari, dom Jo\u00e3o Carlos Petrini receber\u00e1 o t\u00edtulo de cidad\u00e3o baiano. A homenagem ser\u00e1 realizada em sess\u00e3o especial aberta ao p\u00fablico, no dia 25 de abril, \u00e0s 9h na Assembleia Legislativa da Bahia (ALBA).<\/p>\n<p>A proposta foi uma indica\u00e7\u00e3o do deputado estadual, Bira Cor\u00f4a e aprovada por unanimidade do Plen\u00e1rio da Assembleia Legislativa da Bahia (ALBA).<\/p>\n<p>BIOGRAFIA<\/p>\n<p>Dom Petrini nasceu na It\u00e1lia em 1945 e em 1970 formou-se em Ci\u00eancias Pol\u00edticas, pela Universidade de Per\u00fagia-It\u00e1lia, no mesmo ano veio para o Brasil como mission\u00e1rio do Movimento Comunh\u00e3o e Liberta\u00e7\u00e3o, do qual faz parte.<span id=\"more-104135\"><\/span><\/p>\n<p>H\u00e1 quase trinta anos morando na Bahia, ele atuou como padre na periferia de salvador, foi reitor do Semin\u00e1rio Central da Bahia. Em 2005 foi ordenado bispo e exerceu por quase seis anos a fun\u00e7\u00e3o de bispo auxiliar da Arquidiocese de Salvador. Em 2011 assumiu como bispo da Diocese de Cama\u00e7ari onde reside.<\/p>\n<p>O bispo que tem mestrado e doutorado em Ci\u00eancias Sociais, \u00e9 professor-pesquisador do Programa de P\u00f3s-Gradua\u00e7\u00e3o em Fam\u00edlia na Sociedade Contempor\u00e2nea da Universidade Cat\u00f3lica do Salvador \u2013 UCSAL, \u00e9 presidente do Regional NE 3 da CNBB, que abrange os Estados da Bahia e Sergipe. \u00c9 autor de diversos livros e artigos cient\u00edficos sobre fam\u00edlia e sociedade moderna e um dos maiores influentes no Brasil quando o assunto \u00e9 Fam\u00edlia.<\/p>\n<p>Foto:Divulga\u00e7\u00e3o<\/p>\n<p>PASCOM e Tribuna do Rec\u00f4ncavo<\/p>\n<p>&nbsp;<\/p>\n","protected":false},"excerpt":{"rendered":"<p>O bispo da Diocese de Cama\u00e7ari, dom Jo\u00e3o Carlos Petrini receber\u00e1 o t\u00edtulo de cidad\u00e3o baiano. A homenagem ser\u00e1 realizada em sess\u00e3o especial aberta ao p\u00fablico, no dia 25 de abril, \u00e0s 9h na Assembleia Legislativa da Bahia (ALBA). A proposta foi uma indica\u00e7\u00e3o do deputado estadual, Bira Cor\u00f4a e aprovada por unanimidade do Plen\u00e1rio&nbsp;<\/p>\n<p><a class=\"btn btn-style\" href=\"http:\/\/portalcatolico.net\/portal\/bispo-de-camacari-recebera-titulo-de-cidadao-baiano\/\">Continue Reading<\/a><\/p>\n","protected":false},"author":2,"featured_media":53901,"comment_status":"open","ping_status":"open","sticky":false,"template":"","format":"standard","meta":{"footnotes":""},"categories":[4],"tags":[],"class_list":["post-53900","post","type-post","status-publish","format-standard","has-post-thumbnail","hentry","category-destaques"],"_links":{"self":[{"href":"http:\/\/portalcatolico.net\/portal\/wp-json\/wp\/v2\/posts\/53900","targetHints":{"allow":["GET"]}}],"collection":[{"href":"http:\/\/portalcatolico.net\/portal\/wp-json\/wp\/v2\/posts"}],"about":[{"href":"http:\/\/portalcatolico.net\/portal\/wp-json\/wp\/v2\/types\/post"}],"author":[{"embeddable":true,"href":"http:\/\/portalcatolico.net\/portal\/wp-json\/wp\/v2\/users\/2"}],"replies":[{"embeddable":true,"href":"http:\/\/portalcatolico.net\/portal\/wp-json\/wp\/v2\/comments?post=53900"}],"version-history":[{"count":2,"href":"http:\/\/portalcatolico.net\/portal\/wp-json\/wp\/v2\/posts\/53900\/revisions"}],"predecessor-version":[{"id":53903,"href":"http:\/\/portalcatolico.net\/portal\/wp-json\/wp\/v2\/posts\/53900\/revisions\/53903"}],"wp:featuredmedia":[{"embeddable":true,"href":"http:\/\/portalcatolico.net\/portal\/wp-json\/wp\/v2\/media\/53901"}],"wp:attachment":[{"href":"http:\/\/portalcatolico.net\/portal\/wp-json\/wp\/v2\/media?parent=53900"}],"wp:term":[{"taxonomy":"category","embeddable":true,"href":"http:\/\/portalcatolico.net\/portal\/wp-json\/wp\/v2\/categories?post=53900"},{"taxonomy":"post_tag","embeddable":true,"href":"http:\/\/portalcatolico.net\/portal\/wp-json\/wp\/v2\/tags?post=53900"}],"curies":[{"name":"wp","href":"https:\/\/api.w.org\/{rel}","templated":true}]}}