{"id":53895,"date":"2018-04-05T18:29:53","date_gmt":"2018-04-05T21:29:53","guid":{"rendered":"http:\/\/portalcatolico.net\/portal\/?p=53895"},"modified":"2018-04-05T18:32:11","modified_gmt":"2018-04-05T21:32:11","slug":"devocao-do-senhor-do-bonfim-completa-273-anos","status":"publish","type":"post","link":"http:\/\/portalcatolico.net\/portal\/devocao-do-senhor-do-bonfim-completa-273-anos\/","title":{"rendered":"Devo\u00e7\u00e3o do Senhor do Bonfim completa 273 anos"},"content":{"rendered":"<p>A Devo\u00e7\u00e3o do Senhor do Bonfim completa 273 anos no pr\u00f3ximo dia 18 de abril. As comemora\u00e7\u00f5es ser\u00e3o antecipadas e acontecem neste s\u00e1bado (7), durante a missa mensal dedicada ao grupo cat\u00f3lico, que foi respons\u00e1vel pela constru\u00e7\u00e3o e manuten\u00e7\u00e3o da Bas\u00edlica Santu\u00e1rio do Nosso Senhor do Bonfim e tamb\u00e9m pelo desenvolvimento da regi\u00e3o de Itapagipe. A Celebra\u00e7\u00e3o Eucar\u00edstica acontecer\u00e1 \u00e0s 17 horas. Em seguida haver\u00e1 um brinde, que ser\u00e1 realizado no Espa\u00e7o Casa dos Romeiros.<\/p>\n<p>A Devo\u00e7\u00e3o do Nosso Senhor do Bonfim foi criada em 1745 por um grupo de leigos cat\u00f3licos com o bjetivo de propagar no Brasil a devo\u00e7\u00e3o ao Senhor do Bonfim e a Nossa Senhora da Guia. O fundador foi o capit\u00e3o da Marinha Mercante portuguesa, Teodh\u00f3sio Rodrigues Farias, que ap\u00f3s salvar-se de um naufr\u00e1gio fez promessas de construir um templo nos mesmos moldes do existente na cidade de Set\u00fabal, em Portugal.<\/p>\n<p>A constru\u00e7\u00e3o durou 9 anos e, em 1754, no dia 24 de junho, a Igreja foi entregue aos fi\u00e9is. Era apenas uma capela, mas a Devo\u00e7\u00e3o foi realizando melhorias e a regi\u00e3o foi crescendo como \u00e1rea de veraneio da burguesia baiana, recebendo grandes comerciantes, fazendeiros, governadores e o arcebispo. O templo recebeu in\u00fameras reformas, ganhou pintura no teto e firmou parceria com a cidade de Salvador. A Devo\u00e7\u00e3o foi respons\u00e1vel pela constru\u00e7\u00e3o da Avenida Dendezeiros, que leva \u00e0 Colina Sagrada e da Casa dos Romeiros, espa\u00e7o para abrigar os fi\u00e9is que se dirigiam de todo o Estado e Pa\u00eds para o santu\u00e1rio.<\/p>\n<p>O 95\u00ba juiz da devo\u00e7\u00e3o, Francisco Jos\u00e9 Pitanga Bastos, conta que a irmandade, hoje com 126 membros, \u00e9 propriet\u00e1ria e respons\u00e1vel pelo conjunto arquitet\u00f4nico, tombado pelo Patrim\u00f4nio Nacional. \u201cA Devo\u00e7\u00e3o cuida das imagens, promove o culto ao Senhor do Bonfim, gerencia o centro administrativo, centro comunit\u00e1rio e um conjunto de empreendimentos no entorno do santu\u00e1rio\u201d. O projeto Bom Samaritano atende mais de 300 fam\u00edlias e um dos im\u00f3veis abriga uma escola municipal, no Bonfim.<\/p>\n<p>O espa\u00e7o Casa dos Romeiros atualmente conta com uma estrutura para atender fi\u00e9is, peregrinos e turistas, com loja de artesanato regional e religioso, restaurante, caf\u00e9, Casa da M\u00fasica e, em breve, vai receber uma sorveteria. O Museu dos Ex-Votos foi reinagurado e o \u00fanico do Brasil dentro de igreja que permite o acesso \u00e0 torre da igreja, com vistas para a Ba\u00eda de Todos os Santos, Avenida Beira Mar (Ribeira) e Cidade Baixa. Nos pr\u00f3ximos meses, ser\u00e3o entregues a restaura\u00e7\u00e3o do altar-mor, executada pela Funda\u00e7\u00e3o Greg\u00f3rio de Mattos \u2013 sob supervis\u00e3o do Iphan e requalifica\u00e7\u00e3o el\u00e9trica do templo, realizada pelo governo do Estado. Al\u00e9m disso, a prefeitura est\u00e1 requalificando a Pra\u00e7a do Bonfim e construindo o Caminho da F\u00e9, entre a Igreja de Irm\u00e3 Dulce e a Colina Sagrada.<\/p>\n<p>Foto:Reprodu\u00e7\u00e3o<\/p>\n<p>Fonte: Arquidiocese de Salvador<\/p>\n","protected":false},"excerpt":{"rendered":"<p>A Devo\u00e7\u00e3o do Senhor do Bonfim completa 273 anos no pr\u00f3ximo dia 18 de abril. As comemora\u00e7\u00f5es ser\u00e3o antecipadas e acontecem neste s\u00e1bado (7), durante a missa mensal dedicada ao grupo cat\u00f3lico, que foi respons\u00e1vel pela constru\u00e7\u00e3o e manuten\u00e7\u00e3o da Bas\u00edlica Santu\u00e1rio do Nosso Senhor do Bonfim e tamb\u00e9m pelo desenvolvimento da regi\u00e3o de Itapagipe.&nbsp;<\/p>\n<p><a class=\"btn btn-style\" href=\"http:\/\/portalcatolico.net\/portal\/devocao-do-senhor-do-bonfim-completa-273-anos\/\">Continue Reading<\/a><\/p>\n","protected":false},"author":2,"featured_media":53896,"comment_status":"open","ping_status":"open","sticky":false,"template":"","format":"standard","meta":{"footnotes":""},"categories":[3],"tags":[],"class_list":["post-53895","post","type-post","status-publish","format-standard","has-post-thumbnail","hentry","category-noticias_regionais"],"_links":{"self":[{"href":"http:\/\/portalcatolico.net\/portal\/wp-json\/wp\/v2\/posts\/53895","targetHints":{"allow":["GET"]}}],"collection":[{"href":"http:\/\/portalcatolico.net\/portal\/wp-json\/wp\/v2\/posts"}],"about":[{"href":"http:\/\/portalcatolico.net\/portal\/wp-json\/wp\/v2\/types\/post"}],"author":[{"embeddable":true,"href":"http:\/\/portalcatolico.net\/portal\/wp-json\/wp\/v2\/users\/2"}],"replies":[{"embeddable":true,"href":"http:\/\/portalcatolico.net\/portal\/wp-json\/wp\/v2\/comments?post=53895"}],"version-history":[{"count":2,"href":"http:\/\/portalcatolico.net\/portal\/wp-json\/wp\/v2\/posts\/53895\/revisions"}],"predecessor-version":[{"id":53899,"href":"http:\/\/portalcatolico.net\/portal\/wp-json\/wp\/v2\/posts\/53895\/revisions\/53899"}],"wp:featuredmedia":[{"embeddable":true,"href":"http:\/\/portalcatolico.net\/portal\/wp-json\/wp\/v2\/media\/53896"}],"wp:attachment":[{"href":"http:\/\/portalcatolico.net\/portal\/wp-json\/wp\/v2\/media?parent=53895"}],"wp:term":[{"taxonomy":"category","embeddable":true,"href":"http:\/\/portalcatolico.net\/portal\/wp-json\/wp\/v2\/categories?post=53895"},{"taxonomy":"post_tag","embeddable":true,"href":"http:\/\/portalcatolico.net\/portal\/wp-json\/wp\/v2\/tags?post=53895"}],"curies":[{"name":"wp","href":"https:\/\/api.w.org\/{rel}","templated":true}]}}