{"id":53892,"date":"2018-04-05T06:05:00","date_gmt":"2018-04-05T09:05:00","guid":{"rendered":"http:\/\/portalcatolico.net\/portal\/?p=53892"},"modified":"2018-04-05T06:05:00","modified_gmt":"2018-04-05T09:05:00","slug":"bartolomeu-ao-clero-de-roma-unidade-de-nossas-igrejas-nao-para","status":"publish","type":"post","link":"http:\/\/portalcatolico.net\/portal\/bartolomeu-ao-clero-de-roma-unidade-de-nossas-igrejas-nao-para\/","title":{"rendered":"Bartolomeu ao clero de Roma: unidade de nossas Igrejas n\u00e3o para"},"content":{"rendered":"<div class=\"article__subTitle\">&#8220;Uma profunda comunh\u00e3o de prop\u00f3sitos nos uniu desde a sua elei\u00e7\u00e3o, prosseguiu fecunda nestes cinco anos de seu pontificado e nos uniu em v\u00e1rios eventos e momentos&#8221;, disse Bartolomeu I a prop\u00f3sito do Papa Francisco.<\/div>\n<div class=\"title__separator\"><\/div>\n<div class=\"article__text\">\n<p>\u201cMesmo devagar e \u00e0s vezes com dificuldade, o caminho rumo \u00e0 unidade de nossas Igrejas Santas n\u00e3o para, porque Deus quer assim e porque devemos ser suas testemunhas neste mundo que n\u00e3o tem interesse por Ele.\u201d<\/p>\n<p>Foi o que disse, nesta ter\u00e7a-feira (03\/04),\u00a0<b>o Patriarca Ecum\u00eanico de Constantinopla, Bartolomeu I, recebendo, em Istambul, na Turquia, o vig\u00e1rio do Papa para a Diocese de Roma, Dom Angelo De Donatis, e setenta sacerdotes dessa diocese\u00a0<\/b>que est\u00e3o fazendo uma peregrina\u00e7\u00e3o pela Turquia, com um grupo de peregrinos da Opera Romana Pellegrinaggi.<\/p>\n<p>O Patriarca falou sobre a diferente data da P\u00e1scoa entre a Igreja Cat\u00f3lica e Ortodoxa: \u201cDesde o s\u00e9culo XVI, a dist\u00e2ncia entre o calend\u00e1rio juliano e o calend\u00e1rio gregoriano levou a uma diferencia\u00e7\u00e3o da data da P\u00e1scoa.\u201d<\/p>\n<p>\u201cEstamos certos de que quando os tempos forem maduros,\u00a0<b>as nossas Igrejas saber\u00e3o com humildade e disponibilidade colocar em pr\u00e1tica um projeto comum e ouvir o convite de S\u00e3o Paulo, como um grito que ressoa, urgente hoje, num mundo globalizado e midi\u00e1tico:<\/b>\u00a0\u201cDe fato, Cristo, nossa p\u00e1scoa, foi imolado. Portanto, celebremos a festa\u201d (1 Cor. 5, 7-8).<\/p>\n<p>\u201cVoc\u00eas vieram de Roma onde h\u00e1 o bispo, o nosso amado Irm\u00e3o Papa Francisco.\u00a0<b>Uma profunda comunh\u00e3o de prop\u00f3sitos nos uniu desde a sua elei\u00e7\u00e3o, prosseguiu fecunda nestes cinco anos de seu pontificado e nos uniu em v\u00e1rios eventos e momentos.\u201d<\/b><\/p>\n<p>Segundo a Ag\u00eancia Sir, Dom De Donatis disse a Bartolomeu I que se encontrou no \u00faltimo domingo com o Papa Francisco que lhe disse levar suas sauda\u00e7\u00f5es ao patriarca.<\/p>\n<p>\u201cEstamos felizes de estar aqui, hoje. Para n\u00f3s \u00e9 uma grande alegria. Voltamos sempre de bom grado para despertar esta mem\u00f3ria espiritual que faz bem ao caminho de sequela de Jesus Cristo.\u201d(Vatican News)<\/p>\n<\/div>\n","protected":false},"excerpt":{"rendered":"<p>&#8220;Uma profunda comunh\u00e3o de prop\u00f3sitos nos uniu desde a sua elei\u00e7\u00e3o, prosseguiu fecunda nestes cinco anos de seu pontificado e nos uniu em v\u00e1rios eventos e momentos&#8221;, disse Bartolomeu I a prop\u00f3sito do Papa Francisco. \u201cMesmo devagar e \u00e0s vezes com dificuldade, o caminho rumo \u00e0 unidade de nossas Igrejas Santas n\u00e3o para, porque Deus&nbsp;<\/p>\n<p><a class=\"btn btn-style\" href=\"http:\/\/portalcatolico.net\/portal\/bartolomeu-ao-clero-de-roma-unidade-de-nossas-igrejas-nao-para\/\">Continue Reading<\/a><\/p>\n","protected":false},"author":2,"featured_media":53893,"comment_status":"open","ping_status":"open","sticky":false,"template":"","format":"standard","meta":{"footnotes":""},"categories":[5],"tags":[],"class_list":["post-53892","post","type-post","status-publish","format-standard","has-post-thumbnail","hentry","category-igreja_no_mundo"],"_links":{"self":[{"href":"http:\/\/portalcatolico.net\/portal\/wp-json\/wp\/v2\/posts\/53892","targetHints":{"allow":["GET"]}}],"collection":[{"href":"http:\/\/portalcatolico.net\/portal\/wp-json\/wp\/v2\/posts"}],"about":[{"href":"http:\/\/portalcatolico.net\/portal\/wp-json\/wp\/v2\/types\/post"}],"author":[{"embeddable":true,"href":"http:\/\/portalcatolico.net\/portal\/wp-json\/wp\/v2\/users\/2"}],"replies":[{"embeddable":true,"href":"http:\/\/portalcatolico.net\/portal\/wp-json\/wp\/v2\/comments?post=53892"}],"version-history":[{"count":1,"href":"http:\/\/portalcatolico.net\/portal\/wp-json\/wp\/v2\/posts\/53892\/revisions"}],"predecessor-version":[{"id":53894,"href":"http:\/\/portalcatolico.net\/portal\/wp-json\/wp\/v2\/posts\/53892\/revisions\/53894"}],"wp:featuredmedia":[{"embeddable":true,"href":"http:\/\/portalcatolico.net\/portal\/wp-json\/wp\/v2\/media\/53893"}],"wp:attachment":[{"href":"http:\/\/portalcatolico.net\/portal\/wp-json\/wp\/v2\/media?parent=53892"}],"wp:term":[{"taxonomy":"category","embeddable":true,"href":"http:\/\/portalcatolico.net\/portal\/wp-json\/wp\/v2\/categories?post=53892"},{"taxonomy":"post_tag","embeddable":true,"href":"http:\/\/portalcatolico.net\/portal\/wp-json\/wp\/v2\/tags?post=53892"}],"curies":[{"name":"wp","href":"https:\/\/api.w.org\/{rel}","templated":true}]}}