{"id":53889,"date":"2018-04-27T05:00:16","date_gmt":"2018-04-27T08:00:16","guid":{"rendered":"http:\/\/portalcatolico.net\/portal\/?p=53889"},"modified":"2018-04-26T22:23:50","modified_gmt":"2018-04-27T01:23:50","slug":"vem-ai-a-decima-edicao-da-marcha-com-maria","status":"publish","type":"post","link":"http:\/\/portalcatolico.net\/portal\/vem-ai-a-decima-edicao-da-marcha-com-maria\/","title":{"rendered":"Vem a\u00ed a d\u00e9cima edi\u00e7\u00e3o da Marcha com Maria!"},"content":{"rendered":"<p class=\"m_-7213920075952477317xgmail-msonospacing\">A Legi\u00e3o\u00a0de Maria convida a todos para participar, no\u00a0\u00a0dia 1\u00b0 de Maio, de mais uma Marcha com Maria. Como j\u00e1 \u00e9 de tradi\u00e7\u00e3o todos os anos, milhares\u00a0\u00a0de cat\u00f3licos acompanham uma dos maiores eventos cat\u00f3licos na Diocese de Itabuna, que este ano j\u00e1 est\u00e1 na 10\u00aa\u00a0\u00a0edi\u00e7\u00e3o, e ser\u00e1 mais uma vez, um momento de f\u00e9 e devo\u00e7\u00e3o.\u00a0\u00a0<u><\/u><u><\/u><\/p>\n<p class=\"m_-7213920075952477317xgmail-msonospacing\">O tema para este ano \u00e9: \u201c10 anos marchando com Maria. Ela que nos leva a amar e conhecer Jesus.\u201d<u><\/u><u><\/u><\/p>\n<p class=\"m_-7213920075952477317xgmail-msonospacing\">A \u00a0concentra\u00e7\u00e3o come\u00e7ar\u00e1 \u00a0a partir das 14h e sair\u00e1 da Catedral de S\u00e3o Jos\u00e9, em Itabuna (BA), e seguir\u00e1 pelas principais ruas e avenidas do centro da cidade, al\u00e9m dos bairros S\u00e3o Caetano e Jardim Primavera, por onde a multid\u00e3o ir\u00e1 percorrer at\u00e9 a Par\u00f3quia Senhor do Bomfim.<u><\/u><u><\/u><\/p>\n<p class=\"m_-7213920075952477317xgmail-msonospacing\">Chame os familiares, amigos, vizinhos e participe dessa linda caminhada de evangeliza\u00e7\u00e3o.<\/p>\n<p class=\"m_-7213920075952477317xgmail-msonospacing\">Texto:Reda\u00e7\u00e3o Portal Cat\u00f3lico.net<\/p>\n","protected":false},"excerpt":{"rendered":"<p>A Legi\u00e3o\u00a0de Maria convida a todos para participar, no\u00a0\u00a0dia 1\u00b0 de Maio, de mais uma Marcha com Maria. Como j\u00e1 \u00e9 de tradi\u00e7\u00e3o todos os anos, milhares\u00a0\u00a0de cat\u00f3licos acompanham uma dos maiores eventos cat\u00f3licos na Diocese de Itabuna, que este ano j\u00e1 est\u00e1 na 10\u00aa\u00a0\u00a0edi\u00e7\u00e3o, e ser\u00e1 mais uma vez, um momento de f\u00e9 e&nbsp;<\/p>\n<p><a class=\"btn btn-style\" href=\"http:\/\/portalcatolico.net\/portal\/vem-ai-a-decima-edicao-da-marcha-com-maria\/\">Continue Reading<\/a><\/p>\n","protected":false},"author":2,"featured_media":53890,"comment_status":"open","ping_status":"open","sticky":false,"template":"","format":"standard","meta":{"footnotes":""},"categories":[1],"tags":[],"class_list":["post-53889","post","type-post","status-publish","format-standard","has-post-thumbnail","hentry","category-agenda"],"_links":{"self":[{"href":"http:\/\/portalcatolico.net\/portal\/wp-json\/wp\/v2\/posts\/53889","targetHints":{"allow":["GET"]}}],"collection":[{"href":"http:\/\/portalcatolico.net\/portal\/wp-json\/wp\/v2\/posts"}],"about":[{"href":"http:\/\/portalcatolico.net\/portal\/wp-json\/wp\/v2\/types\/post"}],"author":[{"embeddable":true,"href":"http:\/\/portalcatolico.net\/portal\/wp-json\/wp\/v2\/users\/2"}],"replies":[{"embeddable":true,"href":"http:\/\/portalcatolico.net\/portal\/wp-json\/wp\/v2\/comments?post=53889"}],"version-history":[{"count":1,"href":"http:\/\/portalcatolico.net\/portal\/wp-json\/wp\/v2\/posts\/53889\/revisions"}],"predecessor-version":[{"id":53891,"href":"http:\/\/portalcatolico.net\/portal\/wp-json\/wp\/v2\/posts\/53889\/revisions\/53891"}],"wp:featuredmedia":[{"embeddable":true,"href":"http:\/\/portalcatolico.net\/portal\/wp-json\/wp\/v2\/media\/53890"}],"wp:attachment":[{"href":"http:\/\/portalcatolico.net\/portal\/wp-json\/wp\/v2\/media?parent=53889"}],"wp:term":[{"taxonomy":"category","embeddable":true,"href":"http:\/\/portalcatolico.net\/portal\/wp-json\/wp\/v2\/categories?post=53889"},{"taxonomy":"post_tag","embeddable":true,"href":"http:\/\/portalcatolico.net\/portal\/wp-json\/wp\/v2\/tags?post=53889"}],"curies":[{"name":"wp","href":"https:\/\/api.w.org\/{rel}","templated":true}]}}