{"id":53886,"date":"2018-04-03T20:42:33","date_gmt":"2018-04-03T23:42:33","guid":{"rendered":"http:\/\/portalcatolico.net\/portal\/?p=53886"},"modified":"2018-04-03T20:42:33","modified_gmt":"2018-04-03T23:42:33","slug":"celebracao-marca-posse-dos-missionarios-redentoristas-em-pirapora-do-bom-jesus","status":"publish","type":"post","link":"http:\/\/portalcatolico.net\/portal\/celebracao-marca-posse-dos-missionarios-redentoristas-em-pirapora-do-bom-jesus\/","title":{"rendered":"Celebra\u00e7\u00e3o marca posse dos Mission\u00e1rios Redentoristas em Pirapora do Bom Jesus"},"content":{"rendered":"<p>O\u00a0<b>Santu\u00e1rio Bom Jesus\u00a0<\/b>em\u00a0<b>Pirapora do Bom Jesus<\/b>\u00a0(SP), distante 55 quil\u00f4metros de S\u00e3o Paulo, abre um novo cap\u00edtulo na hist\u00f3ria de sua devo\u00e7\u00e3o que vai completar\u00a0<b>300 anos em 2025.\u00a0<\/b><\/p>\n<p>Os\u00a0<b>Mission\u00e1rios Redentoristas da Unidade de S\u00e3o Paulo,<\/b>\u00a0convidados pelo bispo da Diocese de Jundia\u00ed (SP), Dom Vicente Costa, assumem o Santu\u00e1rio para dar novo ardor a este que j\u00e1 \u00e9 um lugar de peregrina\u00e7\u00e3o de milhares de devotos.<\/p>\n<p>\u201cH\u00e1 mais ou menos quatro anos a Diocese estava administrando o Santu\u00e1rio, mas s\u00f3 pod\u00edamos designar dois sacerdotes para esse trabalho e, por l\u00e1 passam muitos peregrinos. Com a vinda dos redentoristas sabemos que o povo ser\u00e1 muito bem atendido, temos muitas expectativas boas\u201d, conta Dom Vicente Costa.<\/p>\n<p>A perspectiva dos Mission\u00e1rios Redentoristas tamb\u00e9m \u00e9 promissora. A proximidade de Pirapora do Bom Jesus com a capital paulista, alimenta os sonhos da Congrega\u00e7\u00e3o. \u201cO desejo da prov\u00edncia redentorista \u00e9 fazer de Pirapora um grande centro pastoral popular que atinja a popula\u00e7\u00e3o da grande S\u00e3o Paulo e de outras cidades do interior\u201d, confidencia o Superior Provincial Padre In\u00e1cio Medeiros.<\/p>\n<p><b>Posse do Santu\u00e1rio<\/b><\/p>\n<p>Quatro mission\u00e1rios assumir\u00e3o a responsabilidade pelo Santu\u00e1rio de Bom Jesus de Pirapora s\u00e3o eles:\u00a0<b>padre Rodrigo Arnoso\u00a0<\/b>que ser\u00e1 o reitor do Santu\u00e1rio,\u00a0<b>padre Afonso Savassa e padre Jo\u00e3o Paulo Ramos,\u00a0<\/b>como vig\u00e1rios paroquiais e\u00a0<b>frater Heliomarcos Ferraz<\/b>\u00a0que atuar\u00e1 nos servi\u00e7os pastorais do Santu\u00e1rio.<\/p>\n<div class=\"image\" contenteditable=\"false\"><img decoding=\"async\" title=\"\" src=\"http:\/\/www.a12.com\/source\/files\/originals\/Missionarios_que_assume_Pirapora_do_Bom_Jesus.jpg\" alt=\"\" \/><\/div>\n<p>A posse do novo p\u00e1roco e a recep\u00e7\u00e3o aos Mission\u00e1rios Redentoristas acontece na pr\u00f3xima sexta-feira, dia 6 de abril. \u00c0s 19h haver\u00e1 uma acolhida no Portal dos Romeiros seguida de missa \u00e0s 20h, no Santu\u00e1rio do Senhor Bom Jesus. A<b>\u00a0TV Aparecida<\/b>\u00a0transmitir\u00e1 a celebra\u00e7\u00e3o.<\/p>\n<p>Entre os desafios da nova comunidade est\u00e1 o de fomentar a devo\u00e7\u00e3o ao Senhor Bom Jesus e acolher os milhares de peregrinos que visitam o local. \u201cVamos assumir esta atividade para dinamizar e levar vida \u00e0quela parcela do povo de Deus. Desejamos fazer isso na alegria do Evangelho e ali anunciar a copiosa Reden\u00e7\u00e3o aos milhares de peregrinos que passam pelo Santu\u00e1rio de Pirapora\u201d, destaca padre Rodrigo.<\/p>\n<p>Al\u00e9m do Santu\u00e1rio Diocesano, os Mission\u00e1rios Redentoristas assumir\u00e3o tamb\u00e9m a par\u00f3quia do Senhor Bom Jesus e outras quatro comunidades urbanas e outras duas em processo de forma\u00e7\u00e3o.<\/p>\n<div class=\"image left\" contenteditable=\"false\"><span class=\"image__credit\">Reprodu\u00e7\u00e3o.<\/span><br \/>\n<img decoding=\"async\" title=\"Reprodu\u00e7\u00e3o. \" src=\"http:\/\/www.a12.com\/source\/files\/originals\/Imagem_de_Bom_Jesus_encontrada_no_rio_Tiete..jpg\" alt=\"Reprodu\u00e7\u00e3o. \" \/><br \/>\n<span class=\"image__subtitle\">Pintura retrata encontro da imagem, em 1725.<\/span><\/div>\n<p><b>Bom Jesus de Pirapora \u2013\u00a0<\/b>A devo\u00e7\u00e3o ao Senhor Bom Jesus de Pirapora teve in\u00edcio em 1725, quando a Imagem de Jesus flagelado e coroado de espinhos foi encontrada nas \u00e1guas do rio Tiet\u00ea por um morador local. Ele a levou para sua casa e iniciou uma devo\u00e7\u00e3o dom\u00e9stica que aos poucos atra\u00eda mais pessoas. Sabe-se, por meio de documentos, que em 1825 j\u00e1 haviam relatos de milagres alcan\u00e7ados no local de venera\u00e7\u00e3o daquela Imagem.<\/p>\n<p>Em 1887, a ent\u00e3o Capela do Bom Jesus foi elevada ao status de Santu\u00e1rio diocesano, se tornando, dez anos depois, sede paroquial. O local abriga a Imagem encontrada h\u00e1 quase 300 anos, que pode ser vista no altar principal do templo.(A12.com)<\/p>\n","protected":false},"excerpt":{"rendered":"<p>O\u00a0Santu\u00e1rio Bom Jesus\u00a0em\u00a0Pirapora do Bom Jesus\u00a0(SP), distante 55 quil\u00f4metros de S\u00e3o Paulo, abre um novo cap\u00edtulo na hist\u00f3ria de sua devo\u00e7\u00e3o que vai completar\u00a0300 anos em 2025.\u00a0 Os\u00a0Mission\u00e1rios Redentoristas da Unidade de S\u00e3o Paulo,\u00a0convidados pelo bispo da Diocese de Jundia\u00ed (SP), Dom Vicente Costa, assumem o Santu\u00e1rio para dar novo ardor a este que j\u00e1&nbsp;<\/p>\n<p><a class=\"btn btn-style\" href=\"http:\/\/portalcatolico.net\/portal\/celebracao-marca-posse-dos-missionarios-redentoristas-em-pirapora-do-bom-jesus\/\">Continue Reading<\/a><\/p>\n","protected":false},"author":2,"featured_media":53887,"comment_status":"open","ping_status":"open","sticky":false,"template":"","format":"standard","meta":{"footnotes":""},"categories":[4],"tags":[],"class_list":["post-53886","post","type-post","status-publish","format-standard","has-post-thumbnail","hentry","category-destaques"],"_links":{"self":[{"href":"http:\/\/portalcatolico.net\/portal\/wp-json\/wp\/v2\/posts\/53886","targetHints":{"allow":["GET"]}}],"collection":[{"href":"http:\/\/portalcatolico.net\/portal\/wp-json\/wp\/v2\/posts"}],"about":[{"href":"http:\/\/portalcatolico.net\/portal\/wp-json\/wp\/v2\/types\/post"}],"author":[{"embeddable":true,"href":"http:\/\/portalcatolico.net\/portal\/wp-json\/wp\/v2\/users\/2"}],"replies":[{"embeddable":true,"href":"http:\/\/portalcatolico.net\/portal\/wp-json\/wp\/v2\/comments?post=53886"}],"version-history":[{"count":1,"href":"http:\/\/portalcatolico.net\/portal\/wp-json\/wp\/v2\/posts\/53886\/revisions"}],"predecessor-version":[{"id":53888,"href":"http:\/\/portalcatolico.net\/portal\/wp-json\/wp\/v2\/posts\/53886\/revisions\/53888"}],"wp:featuredmedia":[{"embeddable":true,"href":"http:\/\/portalcatolico.net\/portal\/wp-json\/wp\/v2\/media\/53887"}],"wp:attachment":[{"href":"http:\/\/portalcatolico.net\/portal\/wp-json\/wp\/v2\/media?parent=53886"}],"wp:term":[{"taxonomy":"category","embeddable":true,"href":"http:\/\/portalcatolico.net\/portal\/wp-json\/wp\/v2\/categories?post=53886"},{"taxonomy":"post_tag","embeddable":true,"href":"http:\/\/portalcatolico.net\/portal\/wp-json\/wp\/v2\/tags?post=53886"}],"curies":[{"name":"wp","href":"https:\/\/api.w.org\/{rel}","templated":true}]}}