{"id":53883,"date":"2018-04-03T20:29:23","date_gmt":"2018-04-03T23:29:23","guid":{"rendered":"http:\/\/portalcatolico.net\/portal\/?p=53883"},"modified":"2018-04-03T20:29:23","modified_gmt":"2018-04-03T23:29:23","slug":"no-sul-catolicos-participam-da-64a-festa-de-nossa-senhora-do-trabalho","status":"publish","type":"post","link":"http:\/\/portalcatolico.net\/portal\/no-sul-catolicos-participam-da-64a-festa-de-nossa-senhora-do-trabalho\/","title":{"rendered":"No Sul, cat\u00f3licos participam da 64\u00aa Festa de Nossa Senhora do Trabalho"},"content":{"rendered":"<p>Considerada uma das mais tradicionais festividades religiosas em Porto Alegre, a Festa em Honra a Nossa Senhora do Trabalho chega \u00e0 sua 64\u00aa em 2018.<\/p>\n<p>Neste m\u00eas de abril, na Par\u00f3quia Santu\u00e1rio Nossa Senhora do Trabalho, na Vila Ipiranga, ter\u00e1 in\u00edcio as homenagens \u00e0 Padroeira. A comunidade \u00e9 convidada a participar dos festejos marianos.<\/p>\n<p>O noven\u00e1rio ocorrer\u00e1 todas as noites, entre 21 e 29 de abril, \u00e0s 18h30 aos s\u00e1bados e domingos, e \u00e0s 20h nos dias de semana, contando com Santa Missa.<\/p>\n<p>J\u00e1 as prociss\u00f5es, de 21 de abril a 1\u00ba de maio, contar\u00e3o com um novo percurso, sendo o Parque Germ\u00e2nia o local da sa\u00edda da tradicional caminhada do Dia de Nossa Senhora do Trabalho.<\/p>\n<p>No primeiro dia, \u00e0s 7h30, come\u00e7ar\u00e1 a ora\u00e7\u00e3o das Mil Aves Marias. Mais tarde, \u00e0s 14h30, ocorrer\u00e1 a prociss\u00e3o motorizada, que conduz a Imagem da Virgem Sant\u00edssima pelas ruas da comunidade.<\/p>\n<p>Em 1\u00ba de maio, a partir das 8h, iniciam as homenagens, com os fi\u00e9is caminhando em prociss\u00e3o e levando Nossa Senhora do Parque Germ\u00e2nia at\u00e9 o Santu\u00e1rio. No templo, as festividades encerram-se com a celebra\u00e7\u00e3o da missa campal.<\/p>\n<p>Na mesma data, durante as cerim\u00f4nias em homenagem a Nossa Senhora do Trabalho, haver\u00e1 a b\u00ean\u00e7\u00e3o das carteiras de trabalho, um dos momentos mais aguardados pelos cat\u00f3licos ga\u00fachos.<\/p>\n<p>A 64\u00aa Festa em Honra a Nossa Senhora do Trabalho est\u00e1 inserida no calend\u00e1rio oficial da Prefeitura de Porto Alegre.<\/p>\n<p>A primeira festividade em honra a Virgem Maria aconteceu no dia 1\u00ba de maio de 1901, na It\u00e1lia. Naquela \u00e9poca, a imagem da m\u00e3e aben\u00e7oando um agricultor e um carpinteiro foi idealizada por S\u00e3o Lu\u00eds Guanella, fundador da Congrega\u00e7\u00e3o das Filhas de Santa Maria da Provid\u00eancia e dos Servos da Caridade, e principal propagador da devo\u00e7\u00e3o a Nossa Senhora do Trabalho. (LMI)<\/p>\n<p>Da reda\u00e7\u00e3o Gaudium Press, com informa\u00e7\u00f5es da Arquidiocese de Porto Alegre e Par\u00f3quia Santu\u00e1rio Nossa Senhora do Trabalho.(Gaudiumpress)<\/p>\n<p>&nbsp;<\/p>\n","protected":false},"excerpt":{"rendered":"<p>Considerada uma das mais tradicionais festividades religiosas em Porto Alegre, a Festa em Honra a Nossa Senhora do Trabalho chega \u00e0 sua 64\u00aa em 2018. Neste m\u00eas de abril, na Par\u00f3quia Santu\u00e1rio Nossa Senhora do Trabalho, na Vila Ipiranga, ter\u00e1 in\u00edcio as homenagens \u00e0 Padroeira. A comunidade \u00e9 convidada a participar dos festejos marianos. O&nbsp;<\/p>\n<p><a class=\"btn btn-style\" href=\"http:\/\/portalcatolico.net\/portal\/no-sul-catolicos-participam-da-64a-festa-de-nossa-senhora-do-trabalho\/\">Continue Reading<\/a><\/p>\n","protected":false},"author":2,"featured_media":53884,"comment_status":"open","ping_status":"open","sticky":false,"template":"","format":"standard","meta":{"footnotes":""},"categories":[4],"tags":[],"class_list":["post-53883","post","type-post","status-publish","format-standard","has-post-thumbnail","hentry","category-destaques"],"_links":{"self":[{"href":"http:\/\/portalcatolico.net\/portal\/wp-json\/wp\/v2\/posts\/53883","targetHints":{"allow":["GET"]}}],"collection":[{"href":"http:\/\/portalcatolico.net\/portal\/wp-json\/wp\/v2\/posts"}],"about":[{"href":"http:\/\/portalcatolico.net\/portal\/wp-json\/wp\/v2\/types\/post"}],"author":[{"embeddable":true,"href":"http:\/\/portalcatolico.net\/portal\/wp-json\/wp\/v2\/users\/2"}],"replies":[{"embeddable":true,"href":"http:\/\/portalcatolico.net\/portal\/wp-json\/wp\/v2\/comments?post=53883"}],"version-history":[{"count":1,"href":"http:\/\/portalcatolico.net\/portal\/wp-json\/wp\/v2\/posts\/53883\/revisions"}],"predecessor-version":[{"id":53885,"href":"http:\/\/portalcatolico.net\/portal\/wp-json\/wp\/v2\/posts\/53883\/revisions\/53885"}],"wp:featuredmedia":[{"embeddable":true,"href":"http:\/\/portalcatolico.net\/portal\/wp-json\/wp\/v2\/media\/53884"}],"wp:attachment":[{"href":"http:\/\/portalcatolico.net\/portal\/wp-json\/wp\/v2\/media?parent=53883"}],"wp:term":[{"taxonomy":"category","embeddable":true,"href":"http:\/\/portalcatolico.net\/portal\/wp-json\/wp\/v2\/categories?post=53883"},{"taxonomy":"post_tag","embeddable":true,"href":"http:\/\/portalcatolico.net\/portal\/wp-json\/wp\/v2\/tags?post=53883"}],"curies":[{"name":"wp","href":"https:\/\/api.w.org\/{rel}","templated":true}]}}