{"id":53879,"date":"2018-04-03T19:13:42","date_gmt":"2018-04-03T22:13:42","guid":{"rendered":"http:\/\/portalcatolico.net\/portal\/?p=53879"},"modified":"2018-04-03T19:13:42","modified_gmt":"2018-04-03T22:13:42","slug":"encontro-do-apostolado-da-oracao-e-mej-acontece-neste-sabado","status":"publish","type":"post","link":"http:\/\/portalcatolico.net\/portal\/encontro-do-apostolado-da-oracao-e-mej-acontece-neste-sabado\/","title":{"rendered":"ENCONTRO DO APOSTOLADO DA ORA\u00c7\u00c3O E MEJ ACONTECE NESTE S\u00c1BADO"},"content":{"rendered":"<div class=\"wpb-content-wrapper\"><p>No dia 7 de Abril, s\u00e1bado, a Catedral de S\u00e3o Jos\u00e9 em Itabuna recebe o 1\u00ba Encontro do Apostolado da Ora\u00e7\u00e3o e MEJ Diocesano com presen\u00e7a confirmada de mais de 400 associados e o Bispo Diocesano Dom Carlos Alberto.\u00a0O encontro ter\u00e1 in\u00edcio \u00e0s 14h com acolhida, anima\u00e7\u00e3o, apresenta\u00e7\u00e3o teatral, apresenta\u00e7\u00e3o dos coordenadores e centros de toda Diocese. Logo ap\u00f3s, o associado Rafael ministrar\u00e1 a palestra com o tema: Apostolado da Ora\u00e7\u00e3o; ontem e hoje. O encontro tamb\u00e9m haver\u00e1 Adora\u00e7\u00e3o ao Sant\u00edssimo Sacramento. O termino est\u00e1 previsto com a celebra\u00e7\u00e3o da Santa Missa, \u00e0s 18h, presidida pelo Bispo Diocesano.<br \/>\nTodas as zeladoras e zeladas do Apostolado da Ora\u00e7\u00e3o est\u00e3o convidados, como tamb\u00e9m aqueles que desejam conhecer este movimento que vive a espiritualidade do Cora\u00e7\u00e3o de Jesus.<\/p>\n<p><strong>O QUE \u00c9 O APOSTOLADO DA ORA\u00c7\u00c3O (AO)?<\/strong><\/p>\n<p>O Apostolado da Ora\u00e7\u00e3o \u00e9 um movimento religioso composto por leigos cat\u00f3licos. A finalidade \u00e9 a santifica\u00e7\u00e3o pessoal e a evangeliza\u00e7\u00e3o das fam\u00edlias com especial devo\u00e7\u00e3o ao Sagrado Cora\u00e7\u00e3o de Jesus. O sentido do apostolado \u00e9 a doa\u00e7\u00e3o a Deus, pelo conhecimento da palavra, pela ora\u00e7\u00e3o, pelo oferecimento di\u00e1rio e pela fidelidade \u00e0 igreja.<\/p>\n<p>No livro dos estatutos do AO, encontramos esta defini\u00e7\u00e3o: \u201cO AO constitui a uni\u00e3o dos fi\u00e9is que, por meio do oferecimento cotidiano de si mesmos, se juntam ao Sacrif\u00edcio Eucar\u00edstico, no qual se exerce continuamente a obra de nossa reden\u00e7\u00e3o, e desta forma, pela uni\u00e3o vital de Cristo, da qual depende a fecundidade apost\u00f3lica, colaboram na salva\u00e7\u00e3o do mundo\u201d.<\/p>\n<p id=\"linha_identificacao\"><strong>O QUE \u00c9 O MEJ?<\/strong><\/p>\n<div class=\"vc_row wpb_row vc_row-fluid\">\n<div class=\"wpb_column vc_column_container vc_col-sm-6\">\n<div class=\"vc_column-inner \">\n<div class=\"wpb_wrapper\">\n<p class=\"vc_custom_heading\">O Movimento Eucar\u00edstico Jovem \u00e9 um movimento internacional de adolescentes e jovens de 10 a 25 anos que est\u00e1 presente em mais de 50 pa\u00edses. Ramifica\u00e7\u00e3o juvenil do Apostolado da Ora\u00e7\u00e3o busca ensinar a juventude a ter uma rela\u00e7\u00e3o amorosa, amiga, de cora\u00e7\u00e3o a cora\u00e7\u00e3o, com Jesus. Sua espiritualidade est\u00e1 centrada na Eucaristia, preparando e formando jovens comprometidos no servi\u00e7o aos irm\u00e3os mais necessitados.<\/p>\n<\/div>\n<\/div>\n<\/div>\n<\/div>\n<p><strong>O APOSTOLADO DA ORA\u00c7\u00c3O e MEJ:<\/strong><\/p>\n<ul>\n<li>Prop\u00f5e um caminho rumo \u00e0 santidade<br \/>\n\u2022 A partir do oferecimento di\u00e1rio<br \/>\n\u2022 Que transforma nossa vida<br \/>\n\u2022 E nos coloca em comunh\u00e3o universal de preces<br \/>\n\u2022 Pela for\u00e7a do Esp\u00edrito Santo que habita em nossos cora\u00e7\u00f5es,<br \/>\n\u2022 E nos impele a vivenciar os mesmos sentimentos do Cora\u00e7\u00e3o de Jesus<br \/>\n\u2022 Para que, alimentados e modelados por Ele na Eucaristia,<br \/>\n\u2022 E reconciliados com Ele pelo sacramento da Reconcilia\u00e7\u00e3o,<br \/>\n\u2022 Possamos colocar-nos plenamente, de cora\u00e7\u00e3o inteiro, a seu servi\u00e7o e a servi\u00e7o da Igreja, a exemplo de Maria, para que seu Reino venha a n\u00f3s, hoje, amanh\u00e3 e sempre.<\/li>\n<\/ul>\n<p><strong>\u00a0<\/strong><\/p>\n<p><strong>O que \u00e9 ser um membro do AO e MEJ?<\/strong><\/p>\n<p>\u00c9 ser uma pessoa associada ao AO com o desejo de viver esta espiritualidade.<\/p>\n<p>&nbsp;<\/p>\n<p><strong>Quantos associados tem o AO no mundo?<\/strong><\/p>\n<p>O AO tem aproximadamente 50 milh\u00f5es de associados no mundo, dos quais 6 a 7 milh\u00f5es no Brasil.<\/p>\n<p>&nbsp;<\/p>\n<p><strong>Em quantos pa\u00edses do mundo o AO est\u00e1 presente?<\/strong><\/p>\n<p>O AO est\u00e1 presente em 70 pa\u00edses do mundo.<\/p>\n<p>&nbsp;<\/p>\n<p><strong>Como funciona, na pr\u00e1tica, o AO e MEJ?<\/strong><\/p>\n<p>A pr\u00e1tica b\u00e1sica \u00e9 o nosso oferecimento di\u00e1rio ao Pai, nas inten\u00e7\u00f5es do Santo Padre, e a colabora\u00e7\u00e3o na Miss\u00e3o de Cristo.<\/p>\n<p><strong>Como se vive esta proposta?<\/strong><\/p>\n<p>A espiritualidade do A.O. vive-se a partir de quatro propostas:<\/p>\n<ol>\n<li>Oferecer diariamente, pela manh\u00e3, o dia que come\u00e7a, pondo-se \u00e0 disposi\u00e7\u00e3o para que o Esp\u00edrito Santo atue em cada momento do dia e leve \u00e0 realiza\u00e7\u00e3o concreta dos valores do Evangelho.<\/li>\n<li>Aprender a rezar, a criar intimidade com Deus, a viver no sil\u00eancio do cora\u00e7\u00e3o a inspira\u00e7\u00e3o e a novidade do Evangelho para cada dia. Juntamente com isso, procura-se ainda formar a pr\u00f3pria f\u00e9, dando intelig\u00eancia dos mist\u00e9rios e a capacidade de dialogar com as interroga\u00e7\u00f5es e desafios que hoje s\u00e3o postos \u00e0 Igreja.<\/li>\n<li>Alimentar uma profunda devo\u00e7\u00e3o \u00e0 celebra\u00e7\u00e3o da Eucaristia, como o Sacramento que resume e inspira a vida crist\u00e3, descobrindo nele a presen\u00e7a amorosa de Deus, na pessoa de Jesus e do seu Cora\u00e7\u00e3o.<\/li>\n<li>Viver unidos ao Santo Padre, na ora\u00e7\u00e3o pelas inten\u00e7\u00f5es que pede mensalmente a todos os crist\u00e3os, saindo dos horizontes quotidianos e abrindo-se aos problemas da grande fam\u00edlia humana.<\/li>\n<\/ol>\n<p><strong><br \/>\nPor que usar a fita?<\/strong><\/p>\n<p>A fita, que os membros do Apostolado da Ora\u00e7\u00e3o e MEJ usam \u00e9 o sinal de perten\u00e7a e entrega da parte daqueles que foram chamados para servir ao Sagrado Cora\u00e7\u00e3o de Jesus. A cor vermelha \u00e9 o sangue, a vida de doa\u00e7\u00e3o plena que o Senhor entregou por cada um de n\u00f3s. A medalha tem o Sagrado Cora\u00e7\u00e3o de Jesus, a nos lembrar sempre do quanto Ele nos ama. O Bentinho \u00e9 o s\u00edmbolo do AO e nele est\u00e1 gravado Venha a n\u00f3s o Vosso Reino, para lembra-nos a todo instante que estamos buscando esse reino. Usamos a fita n\u00e3o como enfeite mas como sinal de que fomos chamados para servir e dissemos nosso sim. Devemos honrar nossa fita, porque ela simboliza o amor de Cristo por n\u00f3s e tamb\u00e9m o compromisso que assumimos com Ele. A fita estreita \u00e9 a fita do(a) zelado(a) aquele que est\u00e1 come\u00e7ando a trilhar os caminhos do Apostolado. A larga \u00e9 a do(a) zelador(a), que busca novos caminhantes para ajud\u00e1-lo(a) a servir.<\/p>\n<p>&nbsp;<\/p>\n<p><strong>Hist\u00f3ria do AO<\/strong><\/p>\n<p>O AO est\u00e1 intimamente ligado \u00e0 ordem dos jesu\u00edtas, a Companhia de Jesus. Come\u00e7ou em 1884 em um Col\u00e9gio dessa ordem na Fran\u00e7a, onde estudantes de filosofia e teologia estavam ansiosos para fazer algum apostolado. Seu orientador lhes fez ver que enquanto eram estudantes n\u00e3o tinham condi\u00e7\u00f5es para fazer prega\u00e7\u00e3o e outros trabalhos de apostolado direto. O que poderiam fazer era oferecer seus estudos, os sacrif\u00edcios volunt\u00e1rios e outros atos de piedade. Dois anos depois, este mesmo padre orientador espiritual publicou um livro chamado O\u00a0<em>Apostolado da Ora\u00e7\u00e3o<\/em>. O livro e a devo\u00e7\u00e3o obtiveram a aprova\u00e7\u00e3o do superior geral da ordem dos jesu\u00edtas, e o pr\u00f3prio papa Pio IX aprovou-os em 1849. Um bom te\u00f3logo, padre Gautrelet, SJ, deu o embasamento teol\u00f3gico \u00e0 devo\u00e7\u00e3o ao Sagrado Cora\u00e7\u00e3o, bem como ao AO, e da\u00ed por diante a devo\u00e7\u00e3o se propagou rapidamente. Em 1861 come\u00e7ou a circular o\u00a0<em>Mensageiro do Cora\u00e7\u00e3o de Jesus<\/em>, como \u00f3rg\u00e3o oficial do AO. Passou a ser publicado em v\u00e1rias l\u00ednguas, e a associa\u00e7\u00e3o recebeu estatutos pr\u00f3prios e a aprova\u00e7\u00e3o oficial do papa.<\/p>\n<p>A sede da associa\u00e7\u00e3o est\u00e1 em Roma e o superior geral dos jesu\u00edtas \u00e9 tamb\u00e9m o superior geral do AO. Ele os dirige por interm\u00e9dio de um delegado e um secret\u00e1rio-geral.<\/p>\n<p>A ideia central, da qual nasceu o AO, \u00e9 esta: todos os batizados s\u00e3o chamados a cooperar na edifica\u00e7\u00e3o do Corpo da Igreja e da comunidade de f\u00e9. Nem todos o fazem da mesma maneira (Ef 4,16). Nem todos podem trabalhar diretamente como ap\u00f3stolos e mission\u00e1rios. Mas todos podem e devem faz\u00ea-lo por meio da ora\u00e7\u00e3o e do sacrif\u00edcio. S\u00e3o Paulo diz (Cl 1,24) que o crist\u00e3o deve completar em sua pessoa o que falta \u00e0 Paix\u00e3o de Cristo, em favor do Corpo de Cristo, a Igreja. Assim, nossa vida torna-se um sacrif\u00edcio, uma obla\u00e7\u00e3o oferecida com Cristo, em Cristo, para a Gl\u00f3ria de Deus e a salva\u00e7\u00e3o do pr\u00f3ximo.<\/p>\n<p><strong>O AO no Brasil<\/strong><\/p>\n<p>O AO come\u00e7ou no Brasil em Itu, S\u00e3o Paulo, em 1871, por iniciativa do padre Bartolomeu Taddei, SJ, considerado o fundador e propagador do AO no Brasil. Antes disto houve um pequeno centro isolado em Pernambuco, em 1867, mas que n\u00e3o teve proje\u00e7\u00e3o nacional. Em 1888 havia cerca de trezentos centros de AO pelo Brasil inteiro, com mais de 400 mil membros. Com a difus\u00e3o do AO houve um despertar intenso para a Sagrada Eucaristia e a vida de f\u00e9. Atualmente, o AO continua a crescer em fervor espiritual e apost\u00f3lico, em todo o territ\u00f3rio nacional.<\/p>\n<p><strong>Trechos extra\u00eddos do livro de Pe. Otmar Jacob Schwengber, SJ,\u00a0<em>Apostolado da Ora\u00e7\u00e3oe MEJ em perguntas e respostas<\/em>, Edi\u00e7\u00f5es Loyola, 2011.<\/strong><\/p>\n<p>Informa\u00e7\u00f5es:Diocese de Itabuna<\/p>\n<\/div>","protected":false},"excerpt":{"rendered":"<p>No dia 7 de Abril, s\u00e1bado, a Catedral de S\u00e3o Jos\u00e9 em Itabuna recebe o 1\u00ba Encontro do Apostolado da Ora\u00e7\u00e3o e MEJ Diocesano com presen\u00e7a confirmada de mais de 400 associados e o Bispo Diocesano Dom Carlos Alberto.\u00a0O encontro ter\u00e1 in\u00edcio \u00e0s 14h com acolhida, anima\u00e7\u00e3o, apresenta\u00e7\u00e3o teatral, apresenta\u00e7\u00e3o dos coordenadores e centros de&nbsp;<\/p>\n<p><a class=\"btn btn-style\" href=\"http:\/\/portalcatolico.net\/portal\/encontro-do-apostolado-da-oracao-e-mej-acontece-neste-sabado\/\">Continue Reading<\/a><\/p>\n","protected":false},"author":2,"featured_media":53881,"comment_status":"open","ping_status":"open","sticky":false,"template":"","format":"standard","meta":{"footnotes":""},"categories":[1],"tags":[],"class_list":["post-53879","post","type-post","status-publish","format-standard","has-post-thumbnail","hentry","category-agenda"],"_links":{"self":[{"href":"http:\/\/portalcatolico.net\/portal\/wp-json\/wp\/v2\/posts\/53879","targetHints":{"allow":["GET"]}}],"collection":[{"href":"http:\/\/portalcatolico.net\/portal\/wp-json\/wp\/v2\/posts"}],"about":[{"href":"http:\/\/portalcatolico.net\/portal\/wp-json\/wp\/v2\/types\/post"}],"author":[{"embeddable":true,"href":"http:\/\/portalcatolico.net\/portal\/wp-json\/wp\/v2\/users\/2"}],"replies":[{"embeddable":true,"href":"http:\/\/portalcatolico.net\/portal\/wp-json\/wp\/v2\/comments?post=53879"}],"version-history":[{"count":1,"href":"http:\/\/portalcatolico.net\/portal\/wp-json\/wp\/v2\/posts\/53879\/revisions"}],"predecessor-version":[{"id":53882,"href":"http:\/\/portalcatolico.net\/portal\/wp-json\/wp\/v2\/posts\/53879\/revisions\/53882"}],"wp:featuredmedia":[{"embeddable":true,"href":"http:\/\/portalcatolico.net\/portal\/wp-json\/wp\/v2\/media\/53881"}],"wp:attachment":[{"href":"http:\/\/portalcatolico.net\/portal\/wp-json\/wp\/v2\/media?parent=53879"}],"wp:term":[{"taxonomy":"category","embeddable":true,"href":"http:\/\/portalcatolico.net\/portal\/wp-json\/wp\/v2\/categories?post=53879"},{"taxonomy":"post_tag","embeddable":true,"href":"http:\/\/portalcatolico.net\/portal\/wp-json\/wp\/v2\/tags?post=53879"}],"curies":[{"name":"wp","href":"https:\/\/api.w.org\/{rel}","templated":true}]}}