{"id":53875,"date":"2018-04-03T06:10:00","date_gmt":"2018-04-03T09:10:00","guid":{"rendered":"http:\/\/portalcatolico.net\/portal\/?p=53875"},"modified":"2018-04-03T06:10:31","modified_gmt":"2018-04-03T09:10:31","slug":"as-provas-da-ressurreicao-de-jesus","status":"publish","type":"post","link":"http:\/\/portalcatolico.net\/portal\/as-provas-da-ressurreicao-de-jesus\/","title":{"rendered":"As provas da Ressurrei\u00e7\u00e3o de Jesus"},"content":{"rendered":"<p><em><strong>A Igreja n\u00e3o tem d\u00favida em afirmar que a Ressurrei\u00e7\u00e3o de Jesus foi um evento hist\u00f3rico e transcendente. No \u00a7639 o Catecismo afirma: \u201cO mist\u00e9rio da Ressurrei\u00e7\u00e3o de Cristo \u00e9 um acontecimento real que teve manifesta\u00e7\u00f5es historicamente constatadas, como atesta o Novo Testamento. J\u00e1 S. Paulo escrevia aos Cor\u00edntios pelo ano de 56: Eu vos transmiti\u2026 o que eu mesmo recebi: Cristo morreu por nossos pecados, segundo as Escrituras. Foi sepultado, ressuscitado ao terceiro dia, segundo as Escrituras. Apareceu a Cefas, e depois aos Doze\u201d (1Cor 15,3-4). O ap\u00f3stolo fala aqui da viva tradi\u00e7\u00e3o da Ressurrei\u00e7\u00e3o, que ficou conhecendo ap\u00f3s sua convers\u00e3o \u00e0s portas de Damasco.<\/strong><\/em><\/p>\n<p>O primeiro acontecimento da manh\u00e3 do Domingo de P\u00e1scoa foi a descoberta do sepulcro vazio (cf. Mc 16, 1-8). Ele foi a base de toda a a\u00e7\u00e3o e prega\u00e7\u00e3o dos Ap\u00f3stolos e foi muito bem registrada por eles. S\u00e3o Jo\u00e3o afirma: \u201cO que vimos, ouvimos e as nossas m\u00e3os apalparam isto atestamos\u201d (1 Jo 1,1-2). Jesus ressuscitado apareceu a Madalena (Jo 20, 19-23); aos disc\u00edpulos de Ema\u00fas (Lc 24,13-25), aos Ap\u00f3stolos no Cen\u00e1culo, com Tom\u00e9 ausente (Jo 20,19-23); e depois, com Tom\u00e9 presente (Jo 20,24-29); no Lago de Genezar\u00e9 (Jo 21,1-24); no Monte na Galil\u00e9ia (Mt 28,16-20); segundo S. Paulo \u201capareceu a mais de 500 pessoas\u201d (1 Cor 15,6) e a Tiago (1 Cor 15,7).<\/p>\n<p>S\u00e3o Paulo atesta que Ele \u201c\u2026 ressuscitou ao terceiro dia, segundo as Escrituras, e foi visto por Cefas, e depois pelos Onze; depois foi visto por mais de quinhentos irm\u00e3os duma s\u00f3 vez, dos quais a maioria vive ainda hoje e alguns j\u00e1 adormeceram; depois foi visto por Tiago e, em seguida, por todos os Ap\u00f3stolos; e, por \u00faltimo, depois de todos foi tamb\u00e9m visto por mim como por um aborto\u201d (1 Cor 15, 3-8).<\/p>\n<p>\u201cDeus ressuscitou esse Jesus, e disto n\u00f3s todos somos testemunhas\u201d (At 2, 32), disse S\u00e3o Pedro no dia de Pentecostes. \u201cSaiba com certeza toda a Casa de Israel: Deus o constituiu Senhor (K\u00fdrios) e Cristo, este Jesus a quem v\u00f3s crucificastes\u201d (At 2, 36). \u201cCristo morreu e reviveu para ser o Senhor dos mortos e dos vivos\u201d (Rm 14, 9). No Apocalipse, Jo\u00e3o arremata: \u201cEu sou o Primeiro e o \u00daltimo, o Vivente; estive morto, mas eis que estou vivo pelos s\u00e9culos, e tenho as chaves da Morte e da regi\u00e3o dos mortos\u201d (Ap 1, 17s).<\/p>\n<p>Toda a prega\u00e7\u00e3o dos Disc\u00edpulos estava centrada na Ressurrei\u00e7\u00e3o de Jesus. Diante do Sin\u00e9drio Pedro d\u00e1 testemunho da Ressurrei\u00e7\u00e3o de Jesus (At 4,8-12). Em At 5,30-32 repete. Na casa do centuri\u00e3o romano Corn\u00e9lio (At 10,34-43), Pedro faz uma s\u00edntese do plano de Deus, apresentando a morte e a ressurrei\u00e7\u00e3o de Jesus como ponto central. S. Paulo em Antioquia da Pis\u00eddia faz o mesmo (At 13,17-41).<\/p>\n<p>A presen\u00e7a de Jesus ressuscitado era a manifesta\u00e7\u00e3o salv\u00edfica definitiva de Deus, inaugurando uma nova era na Hist\u00f3ria humana; era a for\u00e7a do Ap\u00f3stolos. Jesus ressuscitado caminhou com eles ainda quarenta dias e criou a f\u00e9 dos disc\u00edpulos e n\u00e3o estes que criaram a f\u00e9 no Ressuscitado.<\/p>\n<p>A primeira experi\u00eancia dos Ap\u00f3stolos com Jesus ressuscitado, foi marcante e inesquec\u00edvel: \u201cJesus se apresentou no meio dos Ap\u00f3stolos e disse: \u201cA paz esteja convosco!\u201d Tomados de espanto e temor, imaginavam ver um esp\u00edrito. Mas ele disse: \u201cPor que estais perturbados e por que surgem tais d\u00favidas em vossos cora\u00e7\u00f5es? Vede minhas m\u00e3os e meus p\u00e9s: sou eu! \u201cApalpai-me e entendei que um esp\u00edrito n\u00e3o tem carne nem ossos, como estais vendo que eu tenho\u201d. Dizendo isto, mostrou-lhes as m\u00e3os e os p\u00e9s. E, como, por causa da alegria, n\u00e3o podiam acreditar ainda e permaneciam surpresos, disse-lhes: \u201cTendes o que comer?\u201d Apresentaram-lhe um peda\u00e7o de peixe assado. Tomou-o ent\u00e3o e comeu-o diante deles\u201d\u00a0(Lc 24, 34ss).<\/p>\n<p>Fonte:Cleofas<\/p>\n","protected":false},"excerpt":{"rendered":"<p>A Igreja n\u00e3o tem d\u00favida em afirmar que a Ressurrei\u00e7\u00e3o de Jesus foi um evento hist\u00f3rico e transcendente. No \u00a7639 o Catecismo afirma: \u201cO mist\u00e9rio da Ressurrei\u00e7\u00e3o de Cristo \u00e9 um acontecimento real que teve manifesta\u00e7\u00f5es historicamente constatadas, como atesta o Novo Testamento. J\u00e1 S. Paulo escrevia aos Cor\u00edntios pelo ano de 56: Eu vos&nbsp;<\/p>\n<p><a class=\"btn btn-style\" href=\"http:\/\/portalcatolico.net\/portal\/as-provas-da-ressurreicao-de-jesus\/\">Continue Reading<\/a><\/p>\n","protected":false},"author":2,"featured_media":53876,"comment_status":"open","ping_status":"open","sticky":false,"template":"","format":"standard","meta":{"footnotes":""},"categories":[69],"tags":[],"class_list":["post-53875","post","type-post","status-publish","format-standard","has-post-thumbnail","hentry","category-artigos"],"_links":{"self":[{"href":"http:\/\/portalcatolico.net\/portal\/wp-json\/wp\/v2\/posts\/53875","targetHints":{"allow":["GET"]}}],"collection":[{"href":"http:\/\/portalcatolico.net\/portal\/wp-json\/wp\/v2\/posts"}],"about":[{"href":"http:\/\/portalcatolico.net\/portal\/wp-json\/wp\/v2\/types\/post"}],"author":[{"embeddable":true,"href":"http:\/\/portalcatolico.net\/portal\/wp-json\/wp\/v2\/users\/2"}],"replies":[{"embeddable":true,"href":"http:\/\/portalcatolico.net\/portal\/wp-json\/wp\/v2\/comments?post=53875"}],"version-history":[{"count":2,"href":"http:\/\/portalcatolico.net\/portal\/wp-json\/wp\/v2\/posts\/53875\/revisions"}],"predecessor-version":[{"id":53878,"href":"http:\/\/portalcatolico.net\/portal\/wp-json\/wp\/v2\/posts\/53875\/revisions\/53878"}],"wp:featuredmedia":[{"embeddable":true,"href":"http:\/\/portalcatolico.net\/portal\/wp-json\/wp\/v2\/media\/53876"}],"wp:attachment":[{"href":"http:\/\/portalcatolico.net\/portal\/wp-json\/wp\/v2\/media?parent=53875"}],"wp:term":[{"taxonomy":"category","embeddable":true,"href":"http:\/\/portalcatolico.net\/portal\/wp-json\/wp\/v2\/categories?post=53875"},{"taxonomy":"post_tag","embeddable":true,"href":"http:\/\/portalcatolico.net\/portal\/wp-json\/wp\/v2\/tags?post=53875"}],"curies":[{"name":"wp","href":"https:\/\/api.w.org\/{rel}","templated":true}]}}