{"id":53872,"date":"2018-04-02T22:32:42","date_gmt":"2018-04-03T01:32:42","guid":{"rendered":"http:\/\/portalcatolico.net\/portal\/?p=53872"},"modified":"2018-04-02T22:32:42","modified_gmt":"2018-04-03T01:32:42","slug":"vem-ai-a-festa-dos-50-anos-da-paroquia-santa-rita-de-cassia-acompanhe-os-preparativos","status":"publish","type":"post","link":"http:\/\/portalcatolico.net\/portal\/vem-ai-a-festa-dos-50-anos-da-paroquia-santa-rita-de-cassia-acompanhe-os-preparativos\/","title":{"rendered":"Vem a\u00ed a Festa dos 50 anos da Par\u00f3quia Santa Rita de C\u00e1ssia. Acompanhe os preparativos!"},"content":{"rendered":"<p class=\"m_-7909939402713235415xgmail-msonospacing\"><em>Organizadores e coordenadores de pastorais,movimento ,comunidades e grupo de\u00a0ora\u00e7\u00e3o\u00a0da Par\u00f3quia Santa Rita de C\u00e1ssia, em Itabuna (BA), se reuniram nesta segunda-feira (02), para os acertar os \u00faltimos\u00a0\u00a0detalhes da Festa dos 50 anos de funda\u00e7\u00e3o e evangeliza\u00e7\u00e3o da igreja matriz e do\u00a0\u00a0noven\u00e1rio de sua padroeira, que vai acontecer de\u00a013 a<\/em><em>\u00a0<\/em><em>22 de maio. A Reuni\u00e3o teve inicio \u00e1s 19h.<u><\/u><\/em><\/p>\n<p class=\"m_-7909939402713235415xgmail-msonospacing\"><em>O Jubileu de Ouro ter\u00e1 muitas novidades este ano, entre elas, a vinda do Padre Paulo Avelino, (p\u00e1roco da Par\u00f3quia Nossa Senhora do Resgate na Arquidiocese de Salvador), dia 21 de maio. J\u00e1 no dia 06 de maio acontecer\u00e1 o Caruru de Santa Rita. No dia 12, tem carreata pelas principais ruas do bairro S\u00e3o Caetano e inaugura\u00e7\u00e3o monumento em mem\u00f3ria do Frei Joaquim Cameli.<u><\/u><u><\/u><\/em><\/p>\n<p class=\"m_-7909939402713235415xgmail-msonospacing\"><em>Acompanhe aqui toda a programa\u00e7\u00e3o da festa, que ter\u00e1 transmiss\u00e3o ao vivo\u00a0\u00a0todas as noites pelo Portal Cat\u00f3lico Web R\u00e1dio.<\/em><\/p>\n<p class=\"m_-7909939402713235415xgmail-msonospacing\">Foto:Antonio Saad<\/p>\n<p class=\"m_-7909939402713235415xgmail-msonospacing\">Texto: Reda\u00e7\u00e3o Portal Cat\u00f3lico.net<\/p>\n","protected":false},"excerpt":{"rendered":"<p>Organizadores e coordenadores de pastorais,movimento ,comunidades e grupo de\u00a0ora\u00e7\u00e3o\u00a0da Par\u00f3quia Santa Rita de C\u00e1ssia, em Itabuna (BA), se reuniram nesta segunda-feira (02), para os acertar os \u00faltimos\u00a0\u00a0detalhes da Festa dos 50 anos de funda\u00e7\u00e3o e evangeliza\u00e7\u00e3o da igreja matriz e do\u00a0\u00a0noven\u00e1rio de sua padroeira, que vai acontecer de\u00a013 a\u00a022 de maio. A Reuni\u00e3o teve inicio&nbsp;<\/p>\n<p><a class=\"btn btn-style\" href=\"http:\/\/portalcatolico.net\/portal\/vem-ai-a-festa-dos-50-anos-da-paroquia-santa-rita-de-cassia-acompanhe-os-preparativos\/\">Continue Reading<\/a><\/p>\n","protected":false},"author":2,"featured_media":53873,"comment_status":"open","ping_status":"open","sticky":false,"template":"","format":"standard","meta":{"footnotes":""},"categories":[4],"tags":[],"class_list":["post-53872","post","type-post","status-publish","format-standard","has-post-thumbnail","hentry","category-destaques"],"_links":{"self":[{"href":"http:\/\/portalcatolico.net\/portal\/wp-json\/wp\/v2\/posts\/53872","targetHints":{"allow":["GET"]}}],"collection":[{"href":"http:\/\/portalcatolico.net\/portal\/wp-json\/wp\/v2\/posts"}],"about":[{"href":"http:\/\/portalcatolico.net\/portal\/wp-json\/wp\/v2\/types\/post"}],"author":[{"embeddable":true,"href":"http:\/\/portalcatolico.net\/portal\/wp-json\/wp\/v2\/users\/2"}],"replies":[{"embeddable":true,"href":"http:\/\/portalcatolico.net\/portal\/wp-json\/wp\/v2\/comments?post=53872"}],"version-history":[{"count":1,"href":"http:\/\/portalcatolico.net\/portal\/wp-json\/wp\/v2\/posts\/53872\/revisions"}],"predecessor-version":[{"id":53874,"href":"http:\/\/portalcatolico.net\/portal\/wp-json\/wp\/v2\/posts\/53872\/revisions\/53874"}],"wp:featuredmedia":[{"embeddable":true,"href":"http:\/\/portalcatolico.net\/portal\/wp-json\/wp\/v2\/media\/53873"}],"wp:attachment":[{"href":"http:\/\/portalcatolico.net\/portal\/wp-json\/wp\/v2\/media?parent=53872"}],"wp:term":[{"taxonomy":"category","embeddable":true,"href":"http:\/\/portalcatolico.net\/portal\/wp-json\/wp\/v2\/categories?post=53872"},{"taxonomy":"post_tag","embeddable":true,"href":"http:\/\/portalcatolico.net\/portal\/wp-json\/wp\/v2\/tags?post=53872"}],"curies":[{"name":"wp","href":"https:\/\/api.w.org\/{rel}","templated":true}]}}