{"id":53869,"date":"2018-04-02T22:16:17","date_gmt":"2018-04-03T01:16:17","guid":{"rendered":"http:\/\/portalcatolico.net\/portal\/?p=53869"},"modified":"2018-04-02T22:16:17","modified_gmt":"2018-04-03T01:16:17","slug":"paroquia-em-teolandia-prepara-a-vii-festa-da-misericordia","status":"publish","type":"post","link":"http:\/\/portalcatolico.net\/portal\/paroquia-em-teolandia-prepara-a-vii-festa-da-misericordia\/","title":{"rendered":"Par\u00f3quia em Teol\u00e2ndia prepara a VII Festa da Miseric\u00f3rdia"},"content":{"rendered":"<p class=\"m_8203925318688100252xgmail-msonospacing\"><em>O Grupo de Ora\u00e7\u00e3o Fonte de Miseric\u00f3rdia da Par\u00f3quia Santo Ant\u00f4nio em Teol\u00e2ndia (BA),que comp\u00f5e a Diocese de Ilh\u00e9us, estar\u00e1 realizando a VII Festa da Miseric\u00f3rdia nos dias, 7\/04 (s\u00e1bado), a partir das 14h e no domingo, 8\/04,com in\u00edcio \u00e0s 8h.<u><\/u><u><\/u><\/em><\/p>\n<p class=\"m_8203925318688100252xgmail-msonospacing\"><em>O evento ter\u00e1 como tema: \u201cEis que estou\u00a0\u00e0 porta e abro\u201d e ser\u00e1 composto de missas, ora\u00e7\u00f5es Adora\u00e7\u00e3o ao Jesus Eucar\u00edstico, prega\u00e7\u00f5es, Ter\u00e7o da Miseric\u00f3rdia, entre outros momentos de evangeliza\u00e7\u00e3o.\u00a0\u00a0<\/em><u><\/u><u><\/u><\/p>\n<p class=\"m_8203925318688100252xgmail-msonospacing\"><em>Participe!<\/em><\/p>\n<p class=\"m_8203925318688100252xgmail-msonospacing\">Texto:Reda\u00e7\u00e3o Portal Cat\u00f3lico.net<\/p>\n","protected":false},"excerpt":{"rendered":"<p>O Grupo de Ora\u00e7\u00e3o Fonte de Miseric\u00f3rdia da Par\u00f3quia Santo Ant\u00f4nio em Teol\u00e2ndia (BA),que comp\u00f5e a Diocese de Ilh\u00e9us, estar\u00e1 realizando a VII Festa da Miseric\u00f3rdia nos dias, 7\/04 (s\u00e1bado), a partir das 14h e no domingo, 8\/04,com in\u00edcio \u00e0s 8h. O evento ter\u00e1 como tema: \u201cEis que estou\u00a0\u00e0 porta e abro\u201d e ser\u00e1 composto&nbsp;<\/p>\n<p><a class=\"btn btn-style\" href=\"http:\/\/portalcatolico.net\/portal\/paroquia-em-teolandia-prepara-a-vii-festa-da-misericordia\/\">Continue Reading<\/a><\/p>\n","protected":false},"author":2,"featured_media":53870,"comment_status":"open","ping_status":"open","sticky":false,"template":"","format":"standard","meta":{"footnotes":""},"categories":[1],"tags":[],"class_list":["post-53869","post","type-post","status-publish","format-standard","has-post-thumbnail","hentry","category-agenda"],"_links":{"self":[{"href":"http:\/\/portalcatolico.net\/portal\/wp-json\/wp\/v2\/posts\/53869","targetHints":{"allow":["GET"]}}],"collection":[{"href":"http:\/\/portalcatolico.net\/portal\/wp-json\/wp\/v2\/posts"}],"about":[{"href":"http:\/\/portalcatolico.net\/portal\/wp-json\/wp\/v2\/types\/post"}],"author":[{"embeddable":true,"href":"http:\/\/portalcatolico.net\/portal\/wp-json\/wp\/v2\/users\/2"}],"replies":[{"embeddable":true,"href":"http:\/\/portalcatolico.net\/portal\/wp-json\/wp\/v2\/comments?post=53869"}],"version-history":[{"count":1,"href":"http:\/\/portalcatolico.net\/portal\/wp-json\/wp\/v2\/posts\/53869\/revisions"}],"predecessor-version":[{"id":53871,"href":"http:\/\/portalcatolico.net\/portal\/wp-json\/wp\/v2\/posts\/53869\/revisions\/53871"}],"wp:featuredmedia":[{"embeddable":true,"href":"http:\/\/portalcatolico.net\/portal\/wp-json\/wp\/v2\/media\/53870"}],"wp:attachment":[{"href":"http:\/\/portalcatolico.net\/portal\/wp-json\/wp\/v2\/media?parent=53869"}],"wp:term":[{"taxonomy":"category","embeddable":true,"href":"http:\/\/portalcatolico.net\/portal\/wp-json\/wp\/v2\/categories?post=53869"},{"taxonomy":"post_tag","embeddable":true,"href":"http:\/\/portalcatolico.net\/portal\/wp-json\/wp\/v2\/tags?post=53869"}],"curies":[{"name":"wp","href":"https:\/\/api.w.org\/{rel}","templated":true}]}}