{"id":53866,"date":"2018-04-04T22:13:19","date_gmt":"2018-04-05T01:13:19","guid":{"rendered":"http:\/\/portalcatolico.net\/portal\/?p=53866"},"modified":"2018-04-02T22:13:38","modified_gmt":"2018-04-03T01:13:38","slug":"paroquia-senhora-santana-de-buerarema-prepara-festa-da-misericordia","status":"publish","type":"post","link":"http:\/\/portalcatolico.net\/portal\/paroquia-senhora-santana-de-buerarema-prepara-festa-da-misericordia\/","title":{"rendered":"Par\u00f3quia Senhora Santana de Buerarema prepara Festa da Miseric\u00f3rdia"},"content":{"rendered":"<p style=\"font-weight: 400;\"><em>Vai acontecer no pr\u00f3ximo domingo, 08 de abril, a partir da 13h, a\u00a0Festa da Miseric\u00f3rdia, na Par\u00f3quia Senhora Santana em Buerarema (BA), com o tema: Ide, pois, aprendi\u00a0\u00a0o que significa: \u201cMiseric\u00f3rdia eu quero e n\u00e3o sacrif\u00edcios.\u201d (Mateus:9,13). O evento ser\u00e1 composto de louvor, prega\u00e7\u00f5es\u00a0\u00a0e santa missa.<\/em><\/p>\n<p style=\"font-weight: 400;\"><em>Os pregadores ser\u00e3o:\u00a0\u00a0Amistron Lira (da RCC de Itabuna), padre Tony Val\u00e9rio\u00a0Rodrigues (P\u00e1roco da Par\u00f3quia Santa Maria Madalena-Diocese de Itabuna) e\u00a0\u00a0Pe. Elessandro Feitosa (P\u00e1roco da Par\u00f3quia Senhora Santana de Buerarema).<\/em><\/p>\n<p style=\"font-weight: 400;\">Texto:Reda\u00e7\u00e3o\u00a0 Portal Cat\u00f3lico<\/p>\n","protected":false},"excerpt":{"rendered":"<p>Vai acontecer no pr\u00f3ximo domingo, 08 de abril, a partir da 13h, a\u00a0Festa da Miseric\u00f3rdia, na Par\u00f3quia Senhora Santana em Buerarema (BA), com o tema: Ide, pois, aprendi\u00a0\u00a0o que significa: \u201cMiseric\u00f3rdia eu quero e n\u00e3o sacrif\u00edcios.\u201d (Mateus:9,13). O evento ser\u00e1 composto de louvor, prega\u00e7\u00f5es\u00a0\u00a0e santa missa. Os pregadores ser\u00e3o:\u00a0\u00a0Amistron Lira (da RCC de Itabuna), padre&nbsp;<\/p>\n<p><a class=\"btn btn-style\" href=\"http:\/\/portalcatolico.net\/portal\/paroquia-senhora-santana-de-buerarema-prepara-festa-da-misericordia\/\">Continue Reading<\/a><\/p>\n","protected":false},"author":2,"featured_media":53867,"comment_status":"open","ping_status":"open","sticky":false,"template":"","format":"standard","meta":{"footnotes":""},"categories":[1],"tags":[],"class_list":["post-53866","post","type-post","status-publish","format-standard","has-post-thumbnail","hentry","category-agenda"],"_links":{"self":[{"href":"http:\/\/portalcatolico.net\/portal\/wp-json\/wp\/v2\/posts\/53866","targetHints":{"allow":["GET"]}}],"collection":[{"href":"http:\/\/portalcatolico.net\/portal\/wp-json\/wp\/v2\/posts"}],"about":[{"href":"http:\/\/portalcatolico.net\/portal\/wp-json\/wp\/v2\/types\/post"}],"author":[{"embeddable":true,"href":"http:\/\/portalcatolico.net\/portal\/wp-json\/wp\/v2\/users\/2"}],"replies":[{"embeddable":true,"href":"http:\/\/portalcatolico.net\/portal\/wp-json\/wp\/v2\/comments?post=53866"}],"version-history":[{"count":1,"href":"http:\/\/portalcatolico.net\/portal\/wp-json\/wp\/v2\/posts\/53866\/revisions"}],"predecessor-version":[{"id":53868,"href":"http:\/\/portalcatolico.net\/portal\/wp-json\/wp\/v2\/posts\/53866\/revisions\/53868"}],"wp:featuredmedia":[{"embeddable":true,"href":"http:\/\/portalcatolico.net\/portal\/wp-json\/wp\/v2\/media\/53867"}],"wp:attachment":[{"href":"http:\/\/portalcatolico.net\/portal\/wp-json\/wp\/v2\/media?parent=53866"}],"wp:term":[{"taxonomy":"category","embeddable":true,"href":"http:\/\/portalcatolico.net\/portal\/wp-json\/wp\/v2\/categories?post=53866"},{"taxonomy":"post_tag","embeddable":true,"href":"http:\/\/portalcatolico.net\/portal\/wp-json\/wp\/v2\/tags?post=53866"}],"curies":[{"name":"wp","href":"https:\/\/api.w.org\/{rel}","templated":true}]}}