{"id":53398,"date":"2018-03-23T21:00:10","date_gmt":"2018-03-24T00:00:10","guid":{"rendered":"http:\/\/portalcatolico.net\/portal\/?p=53398"},"modified":"2018-03-23T21:00:10","modified_gmt":"2018-03-24T00:00:10","slug":"missa-de-setimo-dia-de-falecimento-de-walter-fernandes-acontece-neste-sabado","status":"publish","type":"post","link":"http:\/\/portalcatolico.net\/portal\/missa-de-setimo-dia-de-falecimento-de-walter-fernandes-acontece-neste-sabado\/","title":{"rendered":"Missa de s\u00e9timo dia de falecimento de Walter Fernandes acontece neste s\u00e1bado"},"content":{"rendered":"<p class=\"m_-4085546167492143392x_xmsonormal\"><em>Familiares e amigos do casal Walter e Gladys Fernandes convidam a todos os membros de pastorais e movimentos para participar da\u00a0\u00a0Missa de s\u00e9timo dia de falecimento de Walter Fernandes, neste\u00a0\u00a0s\u00e1bado, 24 de mar\u00e7o,\u00a0\u00a0\u00e0s 18h, na Catedral de S\u00e3o Jos\u00e9, em Itabuna (BA).<\/em><\/p>\n<p class=\"m_-4085546167492143392x_xmsonormal\"><em>Walter foi um cat\u00f3lico ativo, que implantou v\u00e1rias pastorais e movimentos na Diocese de Itabuna.<\/em><\/p>\n<p class=\"m_-4085546167492143392x_xmsonormal\">O Movimento\u00a0\u00a0Escalada de Itabuna postou uma mensagem nas redes sociais homenageando o querido \u201cTio Walter\u201d: \u201cEle foi um dos tios que juntamente com a sua esposa, mais dois casais e alpinistas de Salvador, aceitaram a miss\u00e3o de Deus e implantaram o Movimento Escalada aqui em Itabuna h\u00e1 24 anos atr\u00e1s\u201d<\/p>\n<p class=\"m_-4085546167492143392x_xmsonormal\"><em>Walter Fernandes faleceu aos 97 anos. O Portal Cat\u00f3lico reconhece os seus importantes trabalhos realizados na Igreja e deseja que ele siga em paz para a Gl\u00f3ria eterna.<\/em><\/p>\n<p class=\"m_-4085546167492143392x_xmsonormal\">Por:Reda\u00e7\u00e3o Portal Cat\u00f3lico<\/p>\n","protected":false},"excerpt":{"rendered":"<p>Familiares e amigos do casal Walter e Gladys Fernandes convidam a todos os membros de pastorais e movimentos para participar da\u00a0\u00a0Missa de s\u00e9timo dia de falecimento de Walter Fernandes, neste\u00a0\u00a0s\u00e1bado, 24 de mar\u00e7o,\u00a0\u00a0\u00e0s 18h, na Catedral de S\u00e3o Jos\u00e9, em Itabuna (BA). Walter foi um cat\u00f3lico ativo, que implantou v\u00e1rias pastorais e movimentos na Diocese&nbsp;<\/p>\n<p><a class=\"btn btn-style\" href=\"http:\/\/portalcatolico.net\/portal\/missa-de-setimo-dia-de-falecimento-de-walter-fernandes-acontece-neste-sabado\/\">Continue Reading<\/a><\/p>\n","protected":false},"author":2,"featured_media":53399,"comment_status":"open","ping_status":"open","sticky":false,"template":"","format":"standard","meta":{"footnotes":""},"categories":[1],"tags":[],"class_list":["post-53398","post","type-post","status-publish","format-standard","has-post-thumbnail","hentry","category-agenda"],"_links":{"self":[{"href":"http:\/\/portalcatolico.net\/portal\/wp-json\/wp\/v2\/posts\/53398","targetHints":{"allow":["GET"]}}],"collection":[{"href":"http:\/\/portalcatolico.net\/portal\/wp-json\/wp\/v2\/posts"}],"about":[{"href":"http:\/\/portalcatolico.net\/portal\/wp-json\/wp\/v2\/types\/post"}],"author":[{"embeddable":true,"href":"http:\/\/portalcatolico.net\/portal\/wp-json\/wp\/v2\/users\/2"}],"replies":[{"embeddable":true,"href":"http:\/\/portalcatolico.net\/portal\/wp-json\/wp\/v2\/comments?post=53398"}],"version-history":[{"count":1,"href":"http:\/\/portalcatolico.net\/portal\/wp-json\/wp\/v2\/posts\/53398\/revisions"}],"predecessor-version":[{"id":53400,"href":"http:\/\/portalcatolico.net\/portal\/wp-json\/wp\/v2\/posts\/53398\/revisions\/53400"}],"wp:featuredmedia":[{"embeddable":true,"href":"http:\/\/portalcatolico.net\/portal\/wp-json\/wp\/v2\/media\/53399"}],"wp:attachment":[{"href":"http:\/\/portalcatolico.net\/portal\/wp-json\/wp\/v2\/media?parent=53398"}],"wp:term":[{"taxonomy":"category","embeddable":true,"href":"http:\/\/portalcatolico.net\/portal\/wp-json\/wp\/v2\/categories?post=53398"},{"taxonomy":"post_tag","embeddable":true,"href":"http:\/\/portalcatolico.net\/portal\/wp-json\/wp\/v2\/tags?post=53398"}],"curies":[{"name":"wp","href":"https:\/\/api.w.org\/{rel}","templated":true}]}}