{"id":53384,"date":"2018-03-23T12:30:19","date_gmt":"2018-03-23T15:30:19","guid":{"rendered":"http:\/\/portalcatolico.net\/portal\/?p=53384"},"modified":"2018-03-23T12:50:50","modified_gmt":"2018-03-23T15:50:50","slug":"grupo-de-jovens-de-itabuna-realizam-dia-solidario-para-as-mulheres","status":"publish","type":"post","link":"http:\/\/portalcatolico.net\/portal\/grupo-de-jovens-de-itabuna-realizam-dia-solidario-para-as-mulheres\/","title":{"rendered":"4\u00ba dia solid\u00e1rio com as mulheres"},"content":{"rendered":"<p>O Grupo de Jovens \u201cFilhos Do Amado\u201d da Par\u00f3quia Nossa Senhora Aparecida, no Bairro Calif\u00f3rnia, Diocese de Itabuna, contando com o apoio e do Conselho de Cidadania Permanente \u2013 CCP, realizaram no dia 17 de mar\u00e7o de 2018, o <strong>4<em>\u00ba dia solid\u00e1rio com as mulheres, <\/em><\/strong>com o objetivo maior, de homenagear e valorizar as mulheres da comunidade.<\/p>\n<p>O evento contou com a parceria de institui\u00e7\u00f5es da sociedade civil organizada, autarquias do Estado como a Defensoria P\u00fablica do Estado, profissionais liberais, empresas amigas e comprometidas com a\u00e7\u00f5es sociais na cidade, a exemplo da Farm\u00e1cia Leticia. A atividade foi realizada no per\u00edodo da manh\u00e3 das 8:00h as 12:30h, ao lado da Igreja, na Rua S\u00e3o Matheus, Bairro da Calif\u00f3rnia. Para os organizadores do evento que tamb\u00e9m tinha como objetivo: \u201cA constru\u00e7\u00e3o e garantia da cidadania e resgate da autoestima, proporcionando qualidade de vida para todas as mulheres da comunidade\u201d. Este objetivo foi alcan\u00e7ado gra\u00e7as \u00e0 participa\u00e7\u00e3o e apoio destas Institui\u00e7\u00f5es e de pessoas de boa vontade que contribu\u00edram com o evento, que atenderam ao nosso apelo e se colocaram a disposi\u00e7\u00e3o para oferecer um pouco de seus servi\u00e7os e orienta\u00e7\u00f5es e muito contribu\u00edram para engrandecer a nossa atividade, afirmou um dos organizadores.<\/p>\n<p>Neste 4\u00ba ano do evento o mesmo teve como tema central: <strong><em>\u201cSou mulher, quero respeito e Cidadania\u201d, <\/em><\/strong>fazendo um link com a Campanha da Fraternidade 2018, que trata da supera\u00e7\u00e3o da <img loading=\"lazy\" decoding=\"async\" class=\"size-medium wp-image-53386 alignright\" src=\"http:\/\/portalcatolico.net\/portal\/wp-content\/uploads\/2018\/03\/IMG-20180317-WA0086-300x225.jpg\" alt=\"IMG-20180317-WA0086\" width=\"300\" height=\"225\" srcset=\"http:\/\/portalcatolico.net\/portal\/wp-content\/uploads\/2018\/03\/IMG-20180317-WA0086-300x225.jpg 300w, http:\/\/portalcatolico.net\/portal\/wp-content\/uploads\/2018\/03\/IMG-20180317-WA0086-768x576.jpg 768w, http:\/\/portalcatolico.net\/portal\/wp-content\/uploads\/2018\/03\/IMG-20180317-WA0086-1024x768.jpg 1024w, http:\/\/portalcatolico.net\/portal\/wp-content\/uploads\/2018\/03\/IMG-20180317-WA0086.jpg 1040w\" sizes=\"auto, (max-width: 300px) 100vw, 300px\" \/>viol\u00eancia. Este \u00e9 um tema de relevante import\u00e2ncia, num pa\u00eds que j\u00e1 ultrapassou uma popula\u00e7\u00e3o de mais 106 milh\u00f5es de mulheres, sendo que uma de cada cinco consideram j\u00e1 ter sofrido alguma vez \u201calgum tipo de viol\u00eancia de parte de algum homem conhecido ou desconhecido\u201d. Portanto o evento n\u00e3o s\u00f3 buscou oferecer servi\u00e7os mais tamb\u00e9m orienta\u00e7\u00f5es para que este quando de viol\u00eancia seja superado e as mulheres tenham seus direitos e cidadania plenamente garantidos.<\/p>\n<p>Para F\u00e1bio Mares um dos membros do Conselho de Cidadania Permanente, este evento \u00e9 mais uma oportunidade de mostrar que \u00e9 poss\u00edvel realizar atividades que possam conectar f\u00e9 e a\u00e7\u00e3o juntas, e transformar a Palavra em Vida. Parabenizamos e agradecemos aos jovens idealizadores e promotores do <strong><em>4\u00ba dia solid\u00e1rio com as mulheres, <\/em><\/strong>em proporcionar ao CCP a oportunidade de poder contribuir e participar deste evento, completou Fab\u00e3o.<\/p>\n<p><strong>Texto:Haroldo Heleno\u00a0\u00a0 <\/strong><strong>(ASCOM \u2013 CCP)<\/strong><\/p>\n","protected":false},"excerpt":{"rendered":"<p>O Grupo de Jovens \u201cFilhos Do Amado\u201d da Par\u00f3quia Nossa Senhora Aparecida, no Bairro Calif\u00f3rnia, Diocese de Itabuna, contando com o apoio e do Conselho de Cidadania Permanente \u2013 CCP, realizaram no dia 17 de mar\u00e7o de 2018, o 4\u00ba dia solid\u00e1rio com as mulheres, com o objetivo maior, de homenagear e valorizar as mulheres&nbsp;<\/p>\n<p><a class=\"btn btn-style\" href=\"http:\/\/portalcatolico.net\/portal\/grupo-de-jovens-de-itabuna-realizam-dia-solidario-para-as-mulheres\/\">Continue Reading<\/a><\/p>\n","protected":false},"author":2,"featured_media":53385,"comment_status":"open","ping_status":"open","sticky":false,"template":"","format":"standard","meta":{"footnotes":""},"categories":[4],"tags":[],"class_list":["post-53384","post","type-post","status-publish","format-standard","has-post-thumbnail","hentry","category-destaques"],"_links":{"self":[{"href":"http:\/\/portalcatolico.net\/portal\/wp-json\/wp\/v2\/posts\/53384","targetHints":{"allow":["GET"]}}],"collection":[{"href":"http:\/\/portalcatolico.net\/portal\/wp-json\/wp\/v2\/posts"}],"about":[{"href":"http:\/\/portalcatolico.net\/portal\/wp-json\/wp\/v2\/types\/post"}],"author":[{"embeddable":true,"href":"http:\/\/portalcatolico.net\/portal\/wp-json\/wp\/v2\/users\/2"}],"replies":[{"embeddable":true,"href":"http:\/\/portalcatolico.net\/portal\/wp-json\/wp\/v2\/comments?post=53384"}],"version-history":[{"count":4,"href":"http:\/\/portalcatolico.net\/portal\/wp-json\/wp\/v2\/posts\/53384\/revisions"}],"predecessor-version":[{"id":53391,"href":"http:\/\/portalcatolico.net\/portal\/wp-json\/wp\/v2\/posts\/53384\/revisions\/53391"}],"wp:featuredmedia":[{"embeddable":true,"href":"http:\/\/portalcatolico.net\/portal\/wp-json\/wp\/v2\/media\/53385"}],"wp:attachment":[{"href":"http:\/\/portalcatolico.net\/portal\/wp-json\/wp\/v2\/media?parent=53384"}],"wp:term":[{"taxonomy":"category","embeddable":true,"href":"http:\/\/portalcatolico.net\/portal\/wp-json\/wp\/v2\/categories?post=53384"},{"taxonomy":"post_tag","embeddable":true,"href":"http:\/\/portalcatolico.net\/portal\/wp-json\/wp\/v2\/tags?post=53384"}],"curies":[{"name":"wp","href":"https:\/\/api.w.org\/{rel}","templated":true}]}}