{"id":53378,"date":"2018-03-22T06:03:47","date_gmt":"2018-03-22T09:03:47","guid":{"rendered":"http:\/\/portalcatolico.net\/portal\/?p=53378"},"modified":"2018-03-22T06:03:47","modified_gmt":"2018-03-22T09:03:47","slug":"comunicado-da-nunciatura-apostolica-sobre-a-situacao-da-diocese-de-formosa-em-goias","status":"publish","type":"post","link":"http:\/\/portalcatolico.net\/portal\/comunicado-da-nunciatura-apostolica-sobre-a-situacao-da-diocese-de-formosa-em-goias\/","title":{"rendered":"Comunicado da Nunciatura Apost\u00f3lica sobre a situa\u00e7\u00e3o da Diocese de Formosa, em Goi\u00e1s"},"content":{"rendered":"<p>A Nunciatura Apost\u00f3lica publicou na manh\u00e3 desta quarta-feira, 21 de mar\u00e7o, um comunicado sobre o processo de acompanhamento da situa\u00e7\u00e3o atual de pastoral e de governo da Diocese de Formosa (GO).<\/p>\n<p>Confira o Comunicado:<\/p>\n<p>\u201c<em>O Santo Padre ordenou, no dia 3 de mar\u00e7o do corrente ano, que se realize uma Visita Apost\u00f3lica na Diocese de Formosa, com a finalidade de examinar a situa\u00e7\u00e3o pastoral e de avaliar o governo do Bispo, Sua Excel\u00eancia Dom Jos\u00e9 Ronaldo Ribeiro. Sucessivamente, no dia 10 de mar\u00e7o, o Arcebispo de Uberaba, Sua Excel\u00eancia Dom Paulo Mendes Peixoto, foi nomeado Visitador Apost\u00f3lico.<\/em><\/p>\n<p><em>\u00c0 luz dos novos fatos que envolvem a Diocese de Formosa, o Santo Padre nomeou Sua Excel\u00eancia Dom Paulo Mendes Peixoto Administrador Apost\u00f3lico sede plena da Diocese de Formosa ad nutum Sanctae Sedis, conferindo-lhe todas as faculdades para governar a circunscri\u00e7\u00e3o eclesi\u00e1stica e para realizar, contemporaneamente, a Visita Apost\u00f3lica, precedentemente ordenada.<\/em><\/p>\n<p><em>Sua Excel\u00eancia Dom Paulo Mendes Peixoto convida a todos, o Clero e a comunidade diocesana de Formosa, a unirem-se em torno de Cristo, Pastor dos Pastores\u201d.<\/em><\/p>\n<p><strong>Com informa\u00e7\u00f5es:Nunciatura Apost\u00f3lica e CNBB<\/strong><\/p>\n","protected":false},"excerpt":{"rendered":"<p>A Nunciatura Apost\u00f3lica publicou na manh\u00e3 desta quarta-feira, 21 de mar\u00e7o, um comunicado sobre o processo de acompanhamento da situa\u00e7\u00e3o atual de pastoral e de governo da Diocese de Formosa (GO). Confira o Comunicado: \u201cO Santo Padre ordenou, no dia 3 de mar\u00e7o do corrente ano, que se realize uma Visita Apost\u00f3lica na Diocese de&nbsp;<\/p>\n<p><a class=\"btn btn-style\" href=\"http:\/\/portalcatolico.net\/portal\/comunicado-da-nunciatura-apostolica-sobre-a-situacao-da-diocese-de-formosa-em-goias\/\">Continue Reading<\/a><\/p>\n","protected":false},"author":2,"featured_media":53379,"comment_status":"open","ping_status":"open","sticky":false,"template":"","format":"standard","meta":{"footnotes":""},"categories":[3],"tags":[],"class_list":["post-53378","post","type-post","status-publish","format-standard","has-post-thumbnail","hentry","category-noticias_regionais"],"_links":{"self":[{"href":"http:\/\/portalcatolico.net\/portal\/wp-json\/wp\/v2\/posts\/53378","targetHints":{"allow":["GET"]}}],"collection":[{"href":"http:\/\/portalcatolico.net\/portal\/wp-json\/wp\/v2\/posts"}],"about":[{"href":"http:\/\/portalcatolico.net\/portal\/wp-json\/wp\/v2\/types\/post"}],"author":[{"embeddable":true,"href":"http:\/\/portalcatolico.net\/portal\/wp-json\/wp\/v2\/users\/2"}],"replies":[{"embeddable":true,"href":"http:\/\/portalcatolico.net\/portal\/wp-json\/wp\/v2\/comments?post=53378"}],"version-history":[{"count":1,"href":"http:\/\/portalcatolico.net\/portal\/wp-json\/wp\/v2\/posts\/53378\/revisions"}],"predecessor-version":[{"id":53380,"href":"http:\/\/portalcatolico.net\/portal\/wp-json\/wp\/v2\/posts\/53378\/revisions\/53380"}],"wp:featuredmedia":[{"embeddable":true,"href":"http:\/\/portalcatolico.net\/portal\/wp-json\/wp\/v2\/media\/53379"}],"wp:attachment":[{"href":"http:\/\/portalcatolico.net\/portal\/wp-json\/wp\/v2\/media?parent=53378"}],"wp:term":[{"taxonomy":"category","embeddable":true,"href":"http:\/\/portalcatolico.net\/portal\/wp-json\/wp\/v2\/categories?post=53378"},{"taxonomy":"post_tag","embeddable":true,"href":"http:\/\/portalcatolico.net\/portal\/wp-json\/wp\/v2\/tags?post=53378"}],"curies":[{"name":"wp","href":"https:\/\/api.w.org\/{rel}","templated":true}]}}