{"id":53375,"date":"2018-03-21T21:56:57","date_gmt":"2018-03-22T00:56:57","guid":{"rendered":"http:\/\/portalcatolico.net\/portal\/?p=53375"},"modified":"2018-03-21T21:56:57","modified_gmt":"2018-03-22T00:56:57","slug":"paroquia-em-ibiracai-realiza-o-espetaculo-a-paixao-de-cristo","status":"publish","type":"post","link":"http:\/\/portalcatolico.net\/portal\/paroquia-em-ibiracai-realiza-o-espetaculo-a-paixao-de-cristo\/","title":{"rendered":"Par\u00f3quia em Ibiraca\u00ed realiza o espet\u00e1culo &#8220;A Paix\u00e3o de Cristo&#8221;"},"content":{"rendered":"<div dir=\"auto\">A\u00a0<i>Par\u00f3quia Senhor Deus Menino de Ibicara\u00ed (BA), ir\u00e1 realizar no pr\u00f3ximo s\u00e1bado, 24, a partir das 19h, na pra\u00e7a Regis Pacheco, a\u00a0 apresenta\u00e7\u00e3o do espet\u00e1culo &#8220;A\u00a0Paix\u00e3o de Cristo&#8221;.\u00a0<\/i><\/div>\n<div dir=\"auto\"><i>Venha participar desse momento especial, onde a comunidade ir\u00e1 reviver o sofrimento de Jesus por cada um de seus filhos.<\/i><\/div>\n<div dir=\"auto\"><i>De acordo com os organizadores, esta ser\u00e1 \u00a0uma edi\u00e7\u00e3o que promete emocionar o\u00a0<\/i>p\u00fablico. E que tem como objetivo\u00a0<i>promover a evangeliza\u00e7\u00e3o.\u00a0<\/i>Participe!<\/div>\n<div dir=\"auto\">Por:Reda\u00e7\u00e3o Portal Cat\u00f3lico<\/div>\n","protected":false},"excerpt":{"rendered":"<p>A\u00a0Par\u00f3quia Senhor Deus Menino de Ibicara\u00ed (BA), ir\u00e1 realizar no pr\u00f3ximo s\u00e1bado, 24, a partir das 19h, na pra\u00e7a Regis Pacheco, a\u00a0 apresenta\u00e7\u00e3o do espet\u00e1culo &#8220;A\u00a0Paix\u00e3o de Cristo&#8221;.\u00a0 Venha participar desse momento especial, onde a comunidade ir\u00e1 reviver o sofrimento de Jesus por cada um de seus filhos. De acordo com os organizadores, esta ser\u00e1&nbsp;<\/p>\n<p><a class=\"btn btn-style\" href=\"http:\/\/portalcatolico.net\/portal\/paroquia-em-ibiracai-realiza-o-espetaculo-a-paixao-de-cristo\/\">Continue Reading<\/a><\/p>\n","protected":false},"author":2,"featured_media":53376,"comment_status":"open","ping_status":"open","sticky":false,"template":"","format":"standard","meta":{"footnotes":""},"categories":[1],"tags":[],"class_list":["post-53375","post","type-post","status-publish","format-standard","has-post-thumbnail","hentry","category-agenda"],"_links":{"self":[{"href":"http:\/\/portalcatolico.net\/portal\/wp-json\/wp\/v2\/posts\/53375","targetHints":{"allow":["GET"]}}],"collection":[{"href":"http:\/\/portalcatolico.net\/portal\/wp-json\/wp\/v2\/posts"}],"about":[{"href":"http:\/\/portalcatolico.net\/portal\/wp-json\/wp\/v2\/types\/post"}],"author":[{"embeddable":true,"href":"http:\/\/portalcatolico.net\/portal\/wp-json\/wp\/v2\/users\/2"}],"replies":[{"embeddable":true,"href":"http:\/\/portalcatolico.net\/portal\/wp-json\/wp\/v2\/comments?post=53375"}],"version-history":[{"count":1,"href":"http:\/\/portalcatolico.net\/portal\/wp-json\/wp\/v2\/posts\/53375\/revisions"}],"predecessor-version":[{"id":53377,"href":"http:\/\/portalcatolico.net\/portal\/wp-json\/wp\/v2\/posts\/53375\/revisions\/53377"}],"wp:featuredmedia":[{"embeddable":true,"href":"http:\/\/portalcatolico.net\/portal\/wp-json\/wp\/v2\/media\/53376"}],"wp:attachment":[{"href":"http:\/\/portalcatolico.net\/portal\/wp-json\/wp\/v2\/media?parent=53375"}],"wp:term":[{"taxonomy":"category","embeddable":true,"href":"http:\/\/portalcatolico.net\/portal\/wp-json\/wp\/v2\/categories?post=53375"},{"taxonomy":"post_tag","embeddable":true,"href":"http:\/\/portalcatolico.net\/portal\/wp-json\/wp\/v2\/tags?post=53375"}],"curies":[{"name":"wp","href":"https:\/\/api.w.org\/{rel}","templated":true}]}}