{"id":53374,"date":"2018-03-22T06:10:06","date_gmt":"2018-03-22T09:10:06","guid":{"rendered":"http:\/\/portalcatolico.net\/portal\/?p=53374"},"modified":"2018-03-22T06:11:50","modified_gmt":"2018-03-22T09:11:50","slug":"papa-nomeia-administrador-apostolico-para-a-diocese-de-formosa-apos-operacao-caifas","status":"publish","type":"post","link":"http:\/\/portalcatolico.net\/portal\/papa-nomeia-administrador-apostolico-para-a-diocese-de-formosa-apos-operacao-caifas\/","title":{"rendered":"Papa nomeia administrador apost\u00f3lico para a Diocese de Formosa, ap\u00f3s Opera\u00e7\u00e3o Caif\u00e1s"},"content":{"rendered":"<p>O Papa Francisco nomeou nesta quarta-feira como administrador apost\u00f3lico\u00a0<em>sede plena et ad nutum Sanctae Sedis<\/em>\u00a0da Diocese de Formosa (GO)Dom Paulo Mendes Peixoto, Arcebispo de Uberaba (MG).<\/p>\n<p>Na \u00faltima segunda-feira, 19 de mar\u00e7o, o Bispo de Formosa, Dom Jos\u00e9 Ronaldo teve a pris\u00e3o preventiva decretada na Opera\u00e7\u00e3o Caif\u00e1s do Minist\u00e9rio P\u00fablico de Goi\u00e1s, juntamente com outros cinco sacerdotes e funcion\u00e1rios administrativos, acusados de desvio de recursos, que teria causado um preju\u00edzo superior a 2 milh\u00f5es de reais \u00e0 Diocese.<\/p>\n<p>Durante a opera\u00e7\u00e3o, encontraram mais de USD 20 mil em dinheiro vivo, o equivalente a R$ 70 mil Reais, no fundo falso de um arm\u00e1rio que estava no quarto de Monsenhor Epit\u00e1cio Cardoso Pereira, na par\u00f3quia de Planaltina. As investiga\u00e7\u00f5es tamb\u00e9m apontaram desvios de recursos nas cidades de Formosa e Posse.<\/p>\n<p>Os investigadores afirmam que Dom Jos\u00e9 Ronaldo seria o articulador do desvio de d\u00edzimos, doa\u00e7\u00f5es de fi\u00e9is, arrecada\u00e7\u00f5es de festas e taxas de batismos e casamentos, em um esquema que teria sido montado h\u00e1 cerca de tr\u00eas anos, desde quando o Prelado assumiu a Diocese, em 2015.<\/p>\n<p>De acordo com escutas telef\u00f4nicas autorizadas pela Justi\u00e7a, com o dinheiro desviado foram compradas uma fazenda de cria\u00e7\u00e3o de gado e uma casa lot\u00e9rica.<\/p>\n<p>Na ter\u00e7a-feira, 20 de mar\u00e7o, a Confer\u00eancia Nacional dos\u00a0Bispos\u00a0do Brasil (CNBB) publicou uma nota, na qual afirma que a verdade na Opera\u00e7\u00e3o Caif\u00e1s \u201cdeve ser apurada com justi\u00e7a e transpar\u00eancia, visando o bem da\u00a0igreja\u00a0particular e do bispo\u201d.<\/p>\n<p>Al\u00e9m disso, a CNBB manifestou \u201ca solidariedade com o presbit\u00e9rio e os fi\u00e9is da Diocese, recordando ao irm\u00e3o bispo que a justi\u00e7a \u00e9 um abandonar-se confiante \u00e0 vontade misericordiosa de Deus\u201d.(ACI Digital)<\/p>\n<p>Dom Paulo Mendes Peixoto \/ Foto: Arquidiocese de Uberaba<\/p>\n","protected":false},"excerpt":{"rendered":"<p>O Papa Francisco nomeou nesta quarta-feira como administrador apost\u00f3lico\u00a0sede plena et ad nutum Sanctae Sedis\u00a0da Diocese de Formosa (GO)Dom Paulo Mendes Peixoto, Arcebispo de Uberaba (MG). Na \u00faltima segunda-feira, 19 de mar\u00e7o, o Bispo de Formosa, Dom Jos\u00e9 Ronaldo teve a pris\u00e3o preventiva decretada na Opera\u00e7\u00e3o Caif\u00e1s do Minist\u00e9rio P\u00fablico de Goi\u00e1s, juntamente com outros&nbsp;<\/p>\n<p><a class=\"btn btn-style\" href=\"http:\/\/portalcatolico.net\/portal\/papa-nomeia-administrador-apostolico-para-a-diocese-de-formosa-apos-operacao-caifas\/\">Continue Reading<\/a><\/p>\n","protected":false},"author":2,"featured_media":53382,"comment_status":"open","ping_status":"open","sticky":false,"template":"","format":"standard","meta":{"footnotes":""},"categories":[4],"tags":[],"class_list":["post-53374","post","type-post","status-publish","format-standard","has-post-thumbnail","hentry","category-destaques"],"_links":{"self":[{"href":"http:\/\/portalcatolico.net\/portal\/wp-json\/wp\/v2\/posts\/53374","targetHints":{"allow":["GET"]}}],"collection":[{"href":"http:\/\/portalcatolico.net\/portal\/wp-json\/wp\/v2\/posts"}],"about":[{"href":"http:\/\/portalcatolico.net\/portal\/wp-json\/wp\/v2\/types\/post"}],"author":[{"embeddable":true,"href":"http:\/\/portalcatolico.net\/portal\/wp-json\/wp\/v2\/users\/2"}],"replies":[{"embeddable":true,"href":"http:\/\/portalcatolico.net\/portal\/wp-json\/wp\/v2\/comments?post=53374"}],"version-history":[{"count":1,"href":"http:\/\/portalcatolico.net\/portal\/wp-json\/wp\/v2\/posts\/53374\/revisions"}],"predecessor-version":[{"id":53383,"href":"http:\/\/portalcatolico.net\/portal\/wp-json\/wp\/v2\/posts\/53374\/revisions\/53383"}],"wp:featuredmedia":[{"embeddable":true,"href":"http:\/\/portalcatolico.net\/portal\/wp-json\/wp\/v2\/media\/53382"}],"wp:attachment":[{"href":"http:\/\/portalcatolico.net\/portal\/wp-json\/wp\/v2\/media?parent=53374"}],"wp:term":[{"taxonomy":"category","embeddable":true,"href":"http:\/\/portalcatolico.net\/portal\/wp-json\/wp\/v2\/categories?post=53374"},{"taxonomy":"post_tag","embeddable":true,"href":"http:\/\/portalcatolico.net\/portal\/wp-json\/wp\/v2\/tags?post=53374"}],"curies":[{"name":"wp","href":"https:\/\/api.w.org\/{rel}","templated":true}]}}