{"id":53371,"date":"2018-03-21T21:20:53","date_gmt":"2018-03-22T00:20:53","guid":{"rendered":"http:\/\/portalcatolico.net\/portal\/?p=53371"},"modified":"2018-03-21T21:20:53","modified_gmt":"2018-03-22T00:20:53","slug":"papa-francisco-vai-a-dublin-para-o-encontro-mundial-das-familias","status":"publish","type":"post","link":"http:\/\/portalcatolico.net\/portal\/papa-francisco-vai-a-dublin-para-o-encontro-mundial-das-familias\/","title":{"rendered":"Papa Francisco vai a Dublin para o Encontro Mundial das Fam\u00edlias"},"content":{"rendered":"<p>O Papa Francisco estar\u00e1 em Dublin, na Irlanda, entre os dias 25 e 26 de agosto deste ano. Ele vai participar do Encontro Mundial das Fam\u00edlias.<\/p>\n<p>A confirma\u00e7\u00e3o da Viagem Apost\u00f3lica foi anunciada pelo pr\u00f3prio Papa durante a Audi\u00eancia Geral desta quarta-feira, 21 de mar\u00e7o, na Pra\u00e7a S\u00e3o Pedro, diante de milhares de fi\u00e9is e peregrinos:<\/p>\n<p>&#8220;Por motivo do pr\u00f3ximo Encontro Mundial das Fam\u00edlias, tenho a inten\u00e7\u00e3o de ir at\u00e9 Dublin de 25 a 26 de agosto deste ano. Desde j\u00e1 agrade\u00e7o as autoridades civis, os Bispos, o Bispo de Dublin e a todos aqueles que colaboram para a prepara\u00e7\u00e3o desta viagem. Muito obrigado!&#8221;.<\/p>\n<p><strong>Lema<\/strong><\/p>\n<p>O Encontro Mundial das Fam\u00edlias ser\u00e1 celebrado tendo como lema: &#8220;O Evangelho das Fam\u00edlias: Alegria do Mundo&#8221;.<\/p>\n<p>Ao encontro, que acontece a cada tr\u00eas anos, dever\u00e3o dirigir-se fam\u00edlias de todo o mundo para celebrar, rezar e reflexionar juntos a import\u00e2ncia central do matrimonio e da fam\u00edlia como pedra angular de nossas vidas, de nossa sociedade e da Igreja.<\/p>\n<p><strong>\u00cdcone da Sagrada Fam\u00edlia<\/strong><\/p>\n<p>Durante a Audi\u00eancia de hoje, duas fam\u00edlias irlandesas apresentaram ao Papa o \u00cdcone da Sagrada Fam\u00edlia que presidir\u00e1 o Encontro de Dublin.<\/p>\n<p>O \u00cdcone foi bento por Dom Diarmuid Martin, Presidente do Encontro Mundial das Fam\u00edlias 2018, durante a celebra\u00e7\u00e3o de uma Santa Missa na cidade irlandesa de Knock, em agosto de 2017 e, desde ent\u00e3o, ele percorre diversas par\u00f3quias irlandesas, dentro da peregrina\u00e7\u00e3o preparat\u00f3ria do Encontro.<\/p>\n<p>De acordo com um comunicado de imprensa da Santa S\u00e9, o \u00edcone \u00e9 uma imagem que convida a rezar. Ele foi elaborado em madeira, sendo que a tinta nele usada foi elaborada de acordo com uma antiga t\u00e9cnica de t\u00eampera.<\/p>\n<p><strong>Programa\u00e7\u00e3o<\/strong><\/p>\n<p>No dia 21 de agosto ter\u00e1 lugar a inaugura\u00e7\u00e3o nacional do Encontro que ser\u00e1 realizado simultaneamente nas 26 dioceses irlandesas.<\/p>\n<p>O Congresso Pastoral ser\u00e1 celebrado do dia 22 at\u00e9 o dia 24 com diferentes reuni\u00f5es de trabalho, debates e di\u00e1logos, todos eles dentro da tem\u00e1tica do Encontro.<\/p>\n<p>No dia 25 de agosto ser\u00e1 realizado o Festival das Fam\u00edlias.<\/p>\n<p>Finalmente, no dia 26 de agosto ser\u00e1 celebrada a Missa Solene presidida pelo Papa Francisco e que deve ser assistida por milhares de pessoas da Irlanda e de todo o mundo. (Gaudiumpress)<\/p>\n<p>&nbsp;<\/p>\n","protected":false},"excerpt":{"rendered":"<p>O Papa Francisco estar\u00e1 em Dublin, na Irlanda, entre os dias 25 e 26 de agosto deste ano. Ele vai participar do Encontro Mundial das Fam\u00edlias. A confirma\u00e7\u00e3o da Viagem Apost\u00f3lica foi anunciada pelo pr\u00f3prio Papa durante a Audi\u00eancia Geral desta quarta-feira, 21 de mar\u00e7o, na Pra\u00e7a S\u00e3o Pedro, diante de milhares de fi\u00e9is e&nbsp;<\/p>\n<p><a class=\"btn btn-style\" href=\"http:\/\/portalcatolico.net\/portal\/papa-francisco-vai-a-dublin-para-o-encontro-mundial-das-familias\/\">Continue Reading<\/a><\/p>\n","protected":false},"author":2,"featured_media":53372,"comment_status":"open","ping_status":"open","sticky":false,"template":"","format":"standard","meta":{"footnotes":""},"categories":[5],"tags":[],"class_list":["post-53371","post","type-post","status-publish","format-standard","has-post-thumbnail","hentry","category-igreja_no_mundo"],"_links":{"self":[{"href":"http:\/\/portalcatolico.net\/portal\/wp-json\/wp\/v2\/posts\/53371","targetHints":{"allow":["GET"]}}],"collection":[{"href":"http:\/\/portalcatolico.net\/portal\/wp-json\/wp\/v2\/posts"}],"about":[{"href":"http:\/\/portalcatolico.net\/portal\/wp-json\/wp\/v2\/types\/post"}],"author":[{"embeddable":true,"href":"http:\/\/portalcatolico.net\/portal\/wp-json\/wp\/v2\/users\/2"}],"replies":[{"embeddable":true,"href":"http:\/\/portalcatolico.net\/portal\/wp-json\/wp\/v2\/comments?post=53371"}],"version-history":[{"count":1,"href":"http:\/\/portalcatolico.net\/portal\/wp-json\/wp\/v2\/posts\/53371\/revisions"}],"predecessor-version":[{"id":53373,"href":"http:\/\/portalcatolico.net\/portal\/wp-json\/wp\/v2\/posts\/53371\/revisions\/53373"}],"wp:featuredmedia":[{"embeddable":true,"href":"http:\/\/portalcatolico.net\/portal\/wp-json\/wp\/v2\/media\/53372"}],"wp:attachment":[{"href":"http:\/\/portalcatolico.net\/portal\/wp-json\/wp\/v2\/media?parent=53371"}],"wp:term":[{"taxonomy":"category","embeddable":true,"href":"http:\/\/portalcatolico.net\/portal\/wp-json\/wp\/v2\/categories?post=53371"},{"taxonomy":"post_tag","embeddable":true,"href":"http:\/\/portalcatolico.net\/portal\/wp-json\/wp\/v2\/tags?post=53371"}],"curies":[{"name":"wp","href":"https:\/\/api.w.org\/{rel}","templated":true}]}}