{"id":53368,"date":"2018-03-21T06:13:35","date_gmt":"2018-03-21T09:13:35","guid":{"rendered":"http:\/\/portalcatolico.net\/portal\/?p=53368"},"modified":"2018-03-24T20:58:33","modified_gmt":"2018-03-24T23:58:33","slug":"domingo-de-ramos-sera-marcado-com-procissao-da-paz-em-itabuna","status":"publish","type":"post","link":"http:\/\/portalcatolico.net\/portal\/domingo-de-ramos-sera-marcado-com-procissao-da-paz-em-itabuna\/","title":{"rendered":"Domingo de Ramos ser\u00e1 marcado com Prociss\u00e3o da Paz em Itabuna"},"content":{"rendered":"<div dir=\"auto\"><i>A Diocese de Itabuna e mais 14 par\u00f3quias das faronias Centro e Imaculada Concei\u00e7\u00e3o, realizam neste domingo, dia 25 de mar\u00e7o, a Prociss\u00e3o da Paz. A concentra\u00e7\u00e3o est\u00e1 marcada para \u00e0s 16h, no Jardim do \u00d3, em Itabuna (BA), onde acontecer\u00e1 a Ben\u00e7\u00e3o dos Ramos. Em seguida, os fi\u00e9is v\u00e3o seguir em prociss\u00e3o at\u00e9 a Igreja Catedral de S\u00e3o Jos\u00e9, onde vai acontecer a Santa Missa presidida pelo Bispo Diocesano, Dom Carlos Alberto dos Santos, e \u00a0concelebrada pelos padres das 14 par\u00f3quias<\/i>.<\/div>\n<div dir=\"auto\"><i>Segundo Dom Carlos, todos os \u00a0fieis dever\u00e3o sair de sua respectiva par\u00f3quia com seu pastor (padre) em prociss\u00e3o at\u00e9 o Jardim do \u00d3, e se concentrar no objetivo da caminhada: &#8220;pedir e rezar pela paz na sociedade, paz para a cidade de Itabuna, para a Bahia e pro nosso Brasil&#8221;, disse o Bispo.\u00a0<\/i><\/div>\n<div dir=\"auto\"><i>Vale ressaltar que neste domingo (25), s\u00f3 ter\u00e1\u00a0 uma missa, \u00e0 tarde, na Catedral, logo ap\u00f3s a prociss\u00e3o.\u00a0<\/i><\/div>\n<div dir=\"auto\">Participe!<\/div>\n<div dir=\"auto\">Por: Reda\u00e7\u00e3o Portal Cat\u00f3lico<\/div>\n<div dir=\"auto\"><\/div>\n","protected":false},"excerpt":{"rendered":"<p>A Diocese de Itabuna e mais 14 par\u00f3quias das faronias Centro e Imaculada Concei\u00e7\u00e3o, realizam neste domingo, dia 25 de mar\u00e7o, a Prociss\u00e3o da Paz. A concentra\u00e7\u00e3o est\u00e1 marcada para \u00e0s 16h, no Jardim do \u00d3, em Itabuna (BA), onde acontecer\u00e1 a Ben\u00e7\u00e3o dos Ramos. Em seguida, os fi\u00e9is v\u00e3o seguir em prociss\u00e3o at\u00e9 a&nbsp;<\/p>\n<p><a class=\"btn btn-style\" href=\"http:\/\/portalcatolico.net\/portal\/domingo-de-ramos-sera-marcado-com-procissao-da-paz-em-itabuna\/\">Continue Reading<\/a><\/p>\n","protected":false},"author":2,"featured_media":53369,"comment_status":"open","ping_status":"open","sticky":false,"template":"","format":"standard","meta":{"footnotes":""},"categories":[1],"tags":[],"class_list":["post-53368","post","type-post","status-publish","format-standard","has-post-thumbnail","hentry","category-agenda"],"_links":{"self":[{"href":"http:\/\/portalcatolico.net\/portal\/wp-json\/wp\/v2\/posts\/53368","targetHints":{"allow":["GET"]}}],"collection":[{"href":"http:\/\/portalcatolico.net\/portal\/wp-json\/wp\/v2\/posts"}],"about":[{"href":"http:\/\/portalcatolico.net\/portal\/wp-json\/wp\/v2\/types\/post"}],"author":[{"embeddable":true,"href":"http:\/\/portalcatolico.net\/portal\/wp-json\/wp\/v2\/users\/2"}],"replies":[{"embeddable":true,"href":"http:\/\/portalcatolico.net\/portal\/wp-json\/wp\/v2\/comments?post=53368"}],"version-history":[{"count":4,"href":"http:\/\/portalcatolico.net\/portal\/wp-json\/wp\/v2\/posts\/53368\/revisions"}],"predecessor-version":[{"id":53434,"href":"http:\/\/portalcatolico.net\/portal\/wp-json\/wp\/v2\/posts\/53368\/revisions\/53434"}],"wp:featuredmedia":[{"embeddable":true,"href":"http:\/\/portalcatolico.net\/portal\/wp-json\/wp\/v2\/media\/53369"}],"wp:attachment":[{"href":"http:\/\/portalcatolico.net\/portal\/wp-json\/wp\/v2\/media?parent=53368"}],"wp:term":[{"taxonomy":"category","embeddable":true,"href":"http:\/\/portalcatolico.net\/portal\/wp-json\/wp\/v2\/categories?post=53368"},{"taxonomy":"post_tag","embeddable":true,"href":"http:\/\/portalcatolico.net\/portal\/wp-json\/wp\/v2\/tags?post=53368"}],"curies":[{"name":"wp","href":"https:\/\/api.w.org\/{rel}","templated":true}]}}