{"id":53365,"date":"2018-03-21T06:09:46","date_gmt":"2018-03-21T09:09:46","guid":{"rendered":"http:\/\/portalcatolico.net\/portal\/?p=53365"},"modified":"2018-03-21T06:09:46","modified_gmt":"2018-03-21T09:09:46","slug":"o-papa-francisco-na-quinta-feira-santa-no-carcere-regina-coeli","status":"publish","type":"post","link":"http:\/\/portalcatolico.net\/portal\/o-papa-francisco-na-quinta-feira-santa-no-carcere-regina-coeli\/","title":{"rendered":"O Papa Francisco na Quinta-feira Santa no c\u00e1rcere &#8220;Regina Coeli&#8221;"},"content":{"rendered":"<div class=\"article__subTitle\">Pela quarta vez em cinco anos de Pontificado, o Papa Francisco escolhe uma pris\u00e3o para realizar o rito do lava-p\u00e9s. No primeiro ano, ele foi o c\u00e1rcere juvenil de Casal del Marmo, depois em 2015 o de Rebibbia. No ano passado, \u00e0 pris\u00e3o de Paliano, na prov\u00edncia de Frosinone.<\/div>\n<div class=\"title__separator\"><\/div>\n<div class=\"article__text\">\n<p>Quinta-feira Santa 29 de mar\u00e7o, \u00e0s 16 horas locais, o Papa Francisco vai visitar a Casa de Deten\u00e7\u00e3o \u201cRegina Coeli\u201d em Roma, para a celebra\u00e7\u00e3o da Santa Missa \u201cin Coena Domini\u201d.<\/p>\n<p>A visita prev\u00ea: o encontro com presos doentes na enfermaria; a celebra\u00e7\u00e3o eucar\u00edstica com o rito do lava-p\u00e9s a 12 presos, na \u201cRotonda\u201d, parte central da pris\u00e3o; um encontro com alguns presos da VIII Se\u00e7\u00e3o.<\/p>\n<h2>No ano passado, na pris\u00e3o de Paliano<\/h2>\n<p>\u201cUma vez &#8211; recordou no ano passado o Papa na homilia da Missa na pris\u00e3o de Paliano &#8211; os disc\u00edpulos discutiram entre si sobre quem era o maior, o mais importante, e Jesus disse: \u2018aquele que quer ser o maior deve fazer-se pequeno e servo, \u00e9 o que Deus faz conosco, n\u00f3s que somos pobres, mas ele \u00e9 grande, ele \u00e9 bom, ele nos ama, pensamos &#8211; disse sobre o lava-p\u00e9s que estava prestes a fazer a 12 presos, incluindo 3 mulheres e um isl\u00e2mico &#8211; esta cerim\u00f4nia, que n\u00e3o \u00e9 uma cerim\u00f4nia folcl\u00f3rica, \u00e9 um gesto para recordar o que Jesus fez. Depois de lavar os p\u00e9s dos disc\u00edpulos ele tomou o p\u00e3o e o vinho e nos deu o amor de Deus, pensemos no amor de Deus hoje\u201d. A visita do Papa, como nas outras Missas \u201cin Coena Domini\u201d nas pris\u00f5es, sempre teve um car\u00e1ter estritamente privado.(Vatican News)<\/p>\n<\/div>\n","protected":false},"excerpt":{"rendered":"<p>Pela quarta vez em cinco anos de Pontificado, o Papa Francisco escolhe uma pris\u00e3o para realizar o rito do lava-p\u00e9s. No primeiro ano, ele foi o c\u00e1rcere juvenil de Casal del Marmo, depois em 2015 o de Rebibbia. No ano passado, \u00e0 pris\u00e3o de Paliano, na prov\u00edncia de Frosinone. Quinta-feira Santa 29 de mar\u00e7o, \u00e0s&nbsp;<\/p>\n<p><a class=\"btn btn-style\" href=\"http:\/\/portalcatolico.net\/portal\/o-papa-francisco-na-quinta-feira-santa-no-carcere-regina-coeli\/\">Continue Reading<\/a><\/p>\n","protected":false},"author":2,"featured_media":53366,"comment_status":"open","ping_status":"open","sticky":false,"template":"","format":"standard","meta":{"footnotes":""},"categories":[5],"tags":[],"class_list":["post-53365","post","type-post","status-publish","format-standard","has-post-thumbnail","hentry","category-igreja_no_mundo"],"_links":{"self":[{"href":"http:\/\/portalcatolico.net\/portal\/wp-json\/wp\/v2\/posts\/53365","targetHints":{"allow":["GET"]}}],"collection":[{"href":"http:\/\/portalcatolico.net\/portal\/wp-json\/wp\/v2\/posts"}],"about":[{"href":"http:\/\/portalcatolico.net\/portal\/wp-json\/wp\/v2\/types\/post"}],"author":[{"embeddable":true,"href":"http:\/\/portalcatolico.net\/portal\/wp-json\/wp\/v2\/users\/2"}],"replies":[{"embeddable":true,"href":"http:\/\/portalcatolico.net\/portal\/wp-json\/wp\/v2\/comments?post=53365"}],"version-history":[{"count":1,"href":"http:\/\/portalcatolico.net\/portal\/wp-json\/wp\/v2\/posts\/53365\/revisions"}],"predecessor-version":[{"id":53367,"href":"http:\/\/portalcatolico.net\/portal\/wp-json\/wp\/v2\/posts\/53365\/revisions\/53367"}],"wp:featuredmedia":[{"embeddable":true,"href":"http:\/\/portalcatolico.net\/portal\/wp-json\/wp\/v2\/media\/53366"}],"wp:attachment":[{"href":"http:\/\/portalcatolico.net\/portal\/wp-json\/wp\/v2\/media?parent=53365"}],"wp:term":[{"taxonomy":"category","embeddable":true,"href":"http:\/\/portalcatolico.net\/portal\/wp-json\/wp\/v2\/categories?post=53365"},{"taxonomy":"post_tag","embeddable":true,"href":"http:\/\/portalcatolico.net\/portal\/wp-json\/wp\/v2\/tags?post=53365"}],"curies":[{"name":"wp","href":"https:\/\/api.w.org\/{rel}","templated":true}]}}