{"id":53358,"date":"2018-03-20T20:36:04","date_gmt":"2018-03-20T23:36:04","guid":{"rendered":"http:\/\/portalcatolico.net\/portal\/?p=53358"},"modified":"2018-03-20T20:36:04","modified_gmt":"2018-03-20T23:36:04","slug":"festa-de-sao-jose-catolicos-de-unaba-homenagearam-sao-jose-com-missa-solene-e-procissao","status":"publish","type":"post","link":"http:\/\/portalcatolico.net\/portal\/festa-de-sao-jose-catolicos-de-unaba-homenagearam-sao-jose-com-missa-solene-e-procissao\/","title":{"rendered":"FESTA DE S\u00c3O JOS\u00c9: CAT\u00d3LICOS DE UNA\/BA HOMENAGEARAM S\u00c3O JOS\u00c9 COM MISSA SOLENE E PROCISS\u00c3O"},"content":{"rendered":"<p style=\"font-weight: 400;\">A festa em homenagem a S\u00e3o Jos\u00e9, padroeiro da cidade de Una\/BA teve in\u00edcio \u00e0s 06 horas com a celebra\u00e7\u00e3o da Missa pelos Trabalhadores e B\u00ean\u00e7\u00e3o das Carteiras de Trabalho e encerrou \u00e0 tarde, com a Missa Solene em honra a S\u00e3o Jos\u00e9 e B\u00ean\u00e7\u00e3o das velas.<\/p>\n<p style=\"font-weight: 400;\">A Celebra\u00e7\u00e3o Eucar\u00edstica foi presidida pelo Monsenhor Moiz\u00e9s de Souza, da Par\u00f3quia Santa Luzia, da cidade de Santa Luzia, e concelebrada pelo Padre Nerivaldo Azevedo. Ap\u00f3s a Missa a comunidade saiu em Prociss\u00e3o Luminosa com a imagem de S\u00e3o Jos\u00e9 pelas principais ruas da cidade.<\/p>\n<p style=\"font-weight: 400;\">As atividades foram encerradas com a B\u00ean\u00e7\u00e3o do Sant\u00edssimo Sacramento.<\/p>\n<p style=\"font-weight: 400;\">Texto e fotos: Pascom-Par\u00f3quia S\u00e3o Jos\u00e9<\/p>\n<p style=\"font-weight: 400;\"><img loading=\"lazy\" decoding=\"async\" class=\"alignnone size-medium wp-image-53360\" src=\"http:\/\/portalcatolico.net\/portal\/wp-content\/uploads\/2018\/03\/IMG-20180319-WA0111-300x225.jpg\" alt=\"IMG-20180319-WA0111\" width=\"300\" height=\"225\" srcset=\"http:\/\/portalcatolico.net\/portal\/wp-content\/uploads\/2018\/03\/IMG-20180319-WA0111-300x225.jpg 300w, http:\/\/portalcatolico.net\/portal\/wp-content\/uploads\/2018\/03\/IMG-20180319-WA0111-768x576.jpg 768w, http:\/\/portalcatolico.net\/portal\/wp-content\/uploads\/2018\/03\/IMG-20180319-WA0111-1024x768.jpg 1024w, http:\/\/portalcatolico.net\/portal\/wp-content\/uploads\/2018\/03\/IMG-20180319-WA0111.jpg 1280w\" sizes=\"auto, (max-width: 300px) 100vw, 300px\" \/> <img loading=\"lazy\" decoding=\"async\" class=\"alignnone size-medium wp-image-53361\" src=\"http:\/\/portalcatolico.net\/portal\/wp-content\/uploads\/2018\/03\/IMG-20180320-WA0047-300x225.jpg\" alt=\"IMG-20180320-WA0047\" width=\"300\" height=\"225\" srcset=\"http:\/\/portalcatolico.net\/portal\/wp-content\/uploads\/2018\/03\/IMG-20180320-WA0047-300x225.jpg 300w, http:\/\/portalcatolico.net\/portal\/wp-content\/uploads\/2018\/03\/IMG-20180320-WA0047-768x576.jpg 768w, http:\/\/portalcatolico.net\/portal\/wp-content\/uploads\/2018\/03\/IMG-20180320-WA0047-1024x768.jpg 1024w, http:\/\/portalcatolico.net\/portal\/wp-content\/uploads\/2018\/03\/IMG-20180320-WA0047.jpg 1280w\" sizes=\"auto, (max-width: 300px) 100vw, 300px\" \/> <img loading=\"lazy\" decoding=\"async\" class=\"alignnone size-medium wp-image-53362\" src=\"http:\/\/portalcatolico.net\/portal\/wp-content\/uploads\/2018\/03\/IMG-20180320-WA0131-300x225.jpg\" alt=\"IMG-20180320-WA0131\" width=\"300\" height=\"225\" srcset=\"http:\/\/portalcatolico.net\/portal\/wp-content\/uploads\/2018\/03\/IMG-20180320-WA0131-300x225.jpg 300w, http:\/\/portalcatolico.net\/portal\/wp-content\/uploads\/2018\/03\/IMG-20180320-WA0131.jpg 320w\" sizes=\"auto, (max-width: 300px) 100vw, 300px\" \/><img loading=\"lazy\" decoding=\"async\" class=\"alignnone size-medium wp-image-53363\" src=\"http:\/\/portalcatolico.net\/portal\/wp-content\/uploads\/2018\/03\/IMG-20180320-WA0194-300x225.jpg\" alt=\"IMG-20180320-WA0194\" width=\"300\" height=\"225\" srcset=\"http:\/\/portalcatolico.net\/portal\/wp-content\/uploads\/2018\/03\/IMG-20180320-WA0194-300x225.jpg 300w, http:\/\/portalcatolico.net\/portal\/wp-content\/uploads\/2018\/03\/IMG-20180320-WA0194-768x576.jpg 768w, http:\/\/portalcatolico.net\/portal\/wp-content\/uploads\/2018\/03\/IMG-20180320-WA0194-1024x768.jpg 1024w, http:\/\/portalcatolico.net\/portal\/wp-content\/uploads\/2018\/03\/IMG-20180320-WA0194.jpg 1280w\" sizes=\"auto, (max-width: 300px) 100vw, 300px\" \/><\/p>\n","protected":false},"excerpt":{"rendered":"<p>A festa em homenagem a S\u00e3o Jos\u00e9, padroeiro da cidade de Una\/BA teve in\u00edcio \u00e0s 06 horas com a celebra\u00e7\u00e3o da Missa pelos Trabalhadores e B\u00ean\u00e7\u00e3o das Carteiras de Trabalho e encerrou \u00e0 tarde, com a Missa Solene em honra a S\u00e3o Jos\u00e9 e B\u00ean\u00e7\u00e3o das velas. A Celebra\u00e7\u00e3o Eucar\u00edstica foi presidida pelo Monsenhor Moiz\u00e9s&nbsp;<\/p>\n<p><a class=\"btn btn-style\" href=\"http:\/\/portalcatolico.net\/portal\/festa-de-sao-jose-catolicos-de-unaba-homenagearam-sao-jose-com-missa-solene-e-procissao\/\">Continue Reading<\/a><\/p>\n","protected":false},"author":2,"featured_media":53359,"comment_status":"open","ping_status":"open","sticky":false,"template":"","format":"standard","meta":{"footnotes":""},"categories":[4],"tags":[],"class_list":["post-53358","post","type-post","status-publish","format-standard","has-post-thumbnail","hentry","category-destaques"],"_links":{"self":[{"href":"http:\/\/portalcatolico.net\/portal\/wp-json\/wp\/v2\/posts\/53358","targetHints":{"allow":["GET"]}}],"collection":[{"href":"http:\/\/portalcatolico.net\/portal\/wp-json\/wp\/v2\/posts"}],"about":[{"href":"http:\/\/portalcatolico.net\/portal\/wp-json\/wp\/v2\/types\/post"}],"author":[{"embeddable":true,"href":"http:\/\/portalcatolico.net\/portal\/wp-json\/wp\/v2\/users\/2"}],"replies":[{"embeddable":true,"href":"http:\/\/portalcatolico.net\/portal\/wp-json\/wp\/v2\/comments?post=53358"}],"version-history":[{"count":1,"href":"http:\/\/portalcatolico.net\/portal\/wp-json\/wp\/v2\/posts\/53358\/revisions"}],"predecessor-version":[{"id":53364,"href":"http:\/\/portalcatolico.net\/portal\/wp-json\/wp\/v2\/posts\/53358\/revisions\/53364"}],"wp:featuredmedia":[{"embeddable":true,"href":"http:\/\/portalcatolico.net\/portal\/wp-json\/wp\/v2\/media\/53359"}],"wp:attachment":[{"href":"http:\/\/portalcatolico.net\/portal\/wp-json\/wp\/v2\/media?parent=53358"}],"wp:term":[{"taxonomy":"category","embeddable":true,"href":"http:\/\/portalcatolico.net\/portal\/wp-json\/wp\/v2\/categories?post=53358"},{"taxonomy":"post_tag","embeddable":true,"href":"http:\/\/portalcatolico.net\/portal\/wp-json\/wp\/v2\/tags?post=53358"}],"curies":[{"name":"wp","href":"https:\/\/api.w.org\/{rel}","templated":true}]}}