{"id":53355,"date":"2018-03-20T20:11:12","date_gmt":"2018-03-20T23:11:12","guid":{"rendered":"http:\/\/portalcatolico.net\/portal\/?p=53355"},"modified":"2018-03-20T20:11:12","modified_gmt":"2018-03-20T23:11:12","slug":"a-paixao-de-cristo-apresentacao-faz-parte-das-comemoracoes-dos-40-anos-do-movimento-escalada","status":"publish","type":"post","link":"http:\/\/portalcatolico.net\/portal\/a-paixao-de-cristo-apresentacao-faz-parte-das-comemoracoes-dos-40-anos-do-movimento-escalada\/","title":{"rendered":"A Paix\u00e3o de Cristo: apresenta\u00e7\u00e3o faz parte das comemora\u00e7\u00f5es dos 40 anos do Movimento Escalada"},"content":{"rendered":"<p>Que tal refletir sobre a<strong>\u00a0<\/strong>Paix\u00e3o, Morte e Ressurrei\u00e7\u00e3o de Jesus e ainda incluir um pouco de arte na Semana Santa? Se o desafio foi aceito, agende-se para no dia 27 de mar\u00e7o, assistir o Espet\u00e1culo A Paix\u00e3o de Cristo, estrelado e produzido pela Comunidade Cat\u00f3lica Shalom, no teatro do Sesc \u2013 Casa do Com\u00e9rcio, \u00e0s 20 horas.\u00a0Ingressos a partir de R$25,00, na livraria Shalom, no Rio Vermelho e na secretaria da Igreja Ascens\u00e3o do Senhor, no Centro Administrativo (CAB).<\/p>\n<p>A parceria entre o Escalada e o Shalom nasceu da vontade de oferecer para a cidade de Salvador uma atra\u00e7\u00e3o cultural e uma oportunidade de ora\u00e7\u00e3o sobre um dos temais mais encenados no mundo. \u201cA ideia \u00e9 proporcionar um momento de reflex\u00e3o na Semana Santa, um per\u00edodo t\u00e3o importante e significativo para n\u00f3s crist\u00e3os\u201d, afirma Leonardo Susart, coordenador(a) do Escalada em Salvador.<\/p>\n<p>A apresenta\u00e7\u00e3o integra as comemora\u00e7\u00f5es dos 40 anos do Escalada em Salvador e ter\u00e1 toda a renda revertida para o encontro anual do Movimento que, em setembro, reunir\u00e1 na capital baiana cerca de 2.000 jovens de 12 cidades da Bahia, Pernambuco e Sergipe. O grupo cat\u00f3lico, que tem como carisma Ser Pessoa em Clima de Ora\u00e7\u00e3o, trabalha com jovens evangelizando jovens a servi\u00e7o da Igreja.<\/p>\n<p><strong>Shalom<\/strong><\/p>\n<p>O espet\u00e1culo \u00e9 apresentado pela Comunidade Shalom desde 2007 nas cidades de Natal e Fortaleza e pela primeira vez ser\u00e1 encenado em Salvador. A proposta de contar uma das hist\u00f3rias mais belas da humanidade, baseada no Evangelho de S\u00e3o Jo\u00e3o, surgiu do desejo de evangelizar e anunciar o amor de Cristo, promovendo uma mensagem de paz atrav\u00e9s da arte e da cultura.<\/p>\n<p>Segundo Lidiane Oliveira, coordenadora do Projeto Artes do Shalom, entre dire\u00e7\u00e3o, produ\u00e7\u00e3o e elenco, s\u00e3o uma m\u00e9dia de 150 pessoas envolvidas. \u201cO espet\u00e1culo traz \u00e0 tona a promo\u00e7\u00e3o da dignidade da pessoa humana, dando a oportunidade para o p\u00fablico viver uma experi\u00eancia art\u00edstica e sentir ainda mais forte as emo\u00e7\u00f5es que essa hist\u00f3ria de amor nos proporciona\u201d, afirma Lidiane.<\/p>\n<p>Fonte:Arquidiocese de Salvador<\/p>\n","protected":false},"excerpt":{"rendered":"<p>Que tal refletir sobre a\u00a0Paix\u00e3o, Morte e Ressurrei\u00e7\u00e3o de Jesus e ainda incluir um pouco de arte na Semana Santa? Se o desafio foi aceito, agende-se para no dia 27 de mar\u00e7o, assistir o Espet\u00e1culo A Paix\u00e3o de Cristo, estrelado e produzido pela Comunidade Cat\u00f3lica Shalom, no teatro do Sesc \u2013 Casa do Com\u00e9rcio, \u00e0s&nbsp;<\/p>\n<p><a class=\"btn btn-style\" href=\"http:\/\/portalcatolico.net\/portal\/a-paixao-de-cristo-apresentacao-faz-parte-das-comemoracoes-dos-40-anos-do-movimento-escalada\/\">Continue Reading<\/a><\/p>\n","protected":false},"author":2,"featured_media":53356,"comment_status":"open","ping_status":"open","sticky":false,"template":"","format":"standard","meta":{"footnotes":""},"categories":[1],"tags":[],"class_list":["post-53355","post","type-post","status-publish","format-standard","has-post-thumbnail","hentry","category-agenda"],"_links":{"self":[{"href":"http:\/\/portalcatolico.net\/portal\/wp-json\/wp\/v2\/posts\/53355","targetHints":{"allow":["GET"]}}],"collection":[{"href":"http:\/\/portalcatolico.net\/portal\/wp-json\/wp\/v2\/posts"}],"about":[{"href":"http:\/\/portalcatolico.net\/portal\/wp-json\/wp\/v2\/types\/post"}],"author":[{"embeddable":true,"href":"http:\/\/portalcatolico.net\/portal\/wp-json\/wp\/v2\/users\/2"}],"replies":[{"embeddable":true,"href":"http:\/\/portalcatolico.net\/portal\/wp-json\/wp\/v2\/comments?post=53355"}],"version-history":[{"count":1,"href":"http:\/\/portalcatolico.net\/portal\/wp-json\/wp\/v2\/posts\/53355\/revisions"}],"predecessor-version":[{"id":53357,"href":"http:\/\/portalcatolico.net\/portal\/wp-json\/wp\/v2\/posts\/53355\/revisions\/53357"}],"wp:featuredmedia":[{"embeddable":true,"href":"http:\/\/portalcatolico.net\/portal\/wp-json\/wp\/v2\/media\/53356"}],"wp:attachment":[{"href":"http:\/\/portalcatolico.net\/portal\/wp-json\/wp\/v2\/media?parent=53355"}],"wp:term":[{"taxonomy":"category","embeddable":true,"href":"http:\/\/portalcatolico.net\/portal\/wp-json\/wp\/v2\/categories?post=53355"},{"taxonomy":"post_tag","embeddable":true,"href":"http:\/\/portalcatolico.net\/portal\/wp-json\/wp\/v2\/tags?post=53355"}],"curies":[{"name":"wp","href":"https:\/\/api.w.org\/{rel}","templated":true}]}}