{"id":53352,"date":"2018-03-11T20:05:24","date_gmt":"2018-03-11T23:05:24","guid":{"rendered":"http:\/\/portalcatolico.net\/portal\/?p=53352"},"modified":"2018-03-20T20:06:11","modified_gmt":"2018-03-20T23:06:11","slug":"bispo-da-diocese-de-ilheus-celebra-aniversario-de-ordenacao-episcopal","status":"publish","type":"post","link":"http:\/\/portalcatolico.net\/portal\/bispo-da-diocese-de-ilheus-celebra-aniversario-de-ordenacao-episcopal\/","title":{"rendered":"Bispo da Diocese de Ilh\u00e9us celebra anivers\u00e1rio de Ordena\u00e7\u00e3o Episcopal"},"content":{"rendered":"<p class=\"m_-4860246338784502361xgmail-msonospacing\"><em>A Diocese de Ilh\u00e9us no sul da Bahia, celebrou neste\u00a0\u00a0s\u00e1bado (10), 22 anos de posse can\u00f4nica, e na mesma data, os paroquianos parabenizaram o bispo diocesano Dom Mauro Montagnoli pelos seus 22 anos de Ordena\u00e7\u00e3o Episcopal. Ele \u00e9 o atual bispo da Diocese de Ilh\u00e9us e\u00a0\u00a0tem pastoreado mais de 40 par\u00f3quias e v\u00e1rias comunidades, na cidade de Ilh\u00e9us e no interior.<\/em><u><\/u><u><\/u><\/p>\n<p class=\"m_-4860246338784502361xgmail-msonospacing\"><em>Sua nomea\u00e7\u00e3o como bispo aconteceu no dia 10\u00a0\u00a0de dezembro de 1993 pelo Papa Jo\u00e3o Paulo II e a Ordena\u00e7\u00e3o Episcopal aconteceu no dia 24 de fevereiro de 1996 em Ouro Fino (MG). Dom Mauro fez sua profiss\u00e3o religiosa no dia 9 de dezembro de 1964.<u><\/u><u><\/u><\/em><\/p>\n<p class=\"m_-4860246338784502361xgmail-msonospacing\"><em>Ele \u00e9 natural de Ouro Fino, nascido em 04 de julho de 1945. Dom Mauro \u00e9 nono bispo desde 1995.<u><\/u><u><\/u><\/em><\/p>\n<p class=\"m_-4860246338784502361xgmail-msonospacing\"><em>A equipe do Portal Cat\u00f3lico de Not\u00edcias parabeniza o bispo aniversariante pede que Deus lhe d\u00ea for\u00e7a para seguir o seu caminho de evangeliza\u00e7\u00e3o.<\/em><\/p>\n","protected":false},"excerpt":{"rendered":"<p>A Diocese de Ilh\u00e9us no sul da Bahia, celebrou neste\u00a0\u00a0s\u00e1bado (10), 22 anos de posse can\u00f4nica, e na mesma data, os paroquianos parabenizaram o bispo diocesano Dom Mauro Montagnoli pelos seus 22 anos de Ordena\u00e7\u00e3o Episcopal. Ele \u00e9 o atual bispo da Diocese de Ilh\u00e9us e\u00a0\u00a0tem pastoreado mais de 40 par\u00f3quias e v\u00e1rias comunidades, na&nbsp;<\/p>\n<p><a class=\"btn btn-style\" href=\"http:\/\/portalcatolico.net\/portal\/bispo-da-diocese-de-ilheus-celebra-aniversario-de-ordenacao-episcopal\/\">Continue Reading<\/a><\/p>\n","protected":false},"author":2,"featured_media":53353,"comment_status":"open","ping_status":"open","sticky":false,"template":"","format":"standard","meta":{"footnotes":""},"categories":[2],"tags":[],"class_list":["post-53352","post","type-post","status-publish","format-standard","has-post-thumbnail","hentry","category-eventos"],"_links":{"self":[{"href":"http:\/\/portalcatolico.net\/portal\/wp-json\/wp\/v2\/posts\/53352","targetHints":{"allow":["GET"]}}],"collection":[{"href":"http:\/\/portalcatolico.net\/portal\/wp-json\/wp\/v2\/posts"}],"about":[{"href":"http:\/\/portalcatolico.net\/portal\/wp-json\/wp\/v2\/types\/post"}],"author":[{"embeddable":true,"href":"http:\/\/portalcatolico.net\/portal\/wp-json\/wp\/v2\/users\/2"}],"replies":[{"embeddable":true,"href":"http:\/\/portalcatolico.net\/portal\/wp-json\/wp\/v2\/comments?post=53352"}],"version-history":[{"count":1,"href":"http:\/\/portalcatolico.net\/portal\/wp-json\/wp\/v2\/posts\/53352\/revisions"}],"predecessor-version":[{"id":53354,"href":"http:\/\/portalcatolico.net\/portal\/wp-json\/wp\/v2\/posts\/53352\/revisions\/53354"}],"wp:featuredmedia":[{"embeddable":true,"href":"http:\/\/portalcatolico.net\/portal\/wp-json\/wp\/v2\/media\/53353"}],"wp:attachment":[{"href":"http:\/\/portalcatolico.net\/portal\/wp-json\/wp\/v2\/media?parent=53352"}],"wp:term":[{"taxonomy":"category","embeddable":true,"href":"http:\/\/portalcatolico.net\/portal\/wp-json\/wp\/v2\/categories?post=53352"},{"taxonomy":"post_tag","embeddable":true,"href":"http:\/\/portalcatolico.net\/portal\/wp-json\/wp\/v2\/tags?post=53352"}],"curies":[{"name":"wp","href":"https:\/\/api.w.org\/{rel}","templated":true}]}}