{"id":53349,"date":"2018-03-20T06:10:23","date_gmt":"2018-03-20T09:10:23","guid":{"rendered":"http:\/\/portalcatolico.net\/portal\/?p=53349"},"modified":"2018-03-20T06:10:40","modified_gmt":"2018-03-20T09:10:40","slug":"papa-francisco-episcopado-significa-trabalho-nao-honra","status":"publish","type":"post","link":"http:\/\/portalcatolico.net\/portal\/papa-francisco-episcopado-significa-trabalho-nao-honra\/","title":{"rendered":"Papa Francisco: episcopado significa trabalho, n\u00e3o honra"},"content":{"rendered":"<div class=\"article__subTitle\">O Bispo, mais do que presidir, tem obriga\u00e7\u00e3o de servir.<\/div>\n<div class=\"title__separator\"><\/div>\n<div class=\"article__text\">\n<p>O Papa Francisco presidiu, na tarde desta segunda-feira (19\/03), na Bas\u00edlica de S\u00e3o Pedro, o Rito de Ordena\u00e7\u00e3o de Bispos.<\/p>\n<p>Tr\u00eas foram os presb\u00edteros ordenados bispos pelo Santo Padre:<\/p>\n<p><b>Mons. Waldemar Stanis\u0142aw Sommertag<\/b>\u00a0da Diocese de Pelplin, na Pol\u00f4nia. Ele nasceu em 6 de fevereiro de 1968, em Wi\u0119cbork (Pol\u00f4nia), e foi ordenado sacerdote em 30 de maio de 1993. Em 15 de fevereiro de 2018, foi nomeado N\u00fancio Apost\u00f3lico na Nicar\u00e1gua.<\/p>\n<p><b>Mons. Alfred Xuereb<\/b>\u00a0da Diocese de Gozo, Malta, que nasceu em 14 de outubro de 1958, em Gozo (Malta), e foi ordenado sacerdote em 26 de maio de 1984. Em 26 de fevereiro de 2018, foi nomeado N\u00fancio Apost\u00f3lico na Coreia e Mong\u00f3lia.<\/p>\n<p><b>Mons. Jos\u00e9 Avelino Bettencourt<\/b>\u00a0da Arquidiocese de Ottawa, Canad\u00e1). Ele nasceu em 23 de maio de 1962 em Azzorre (Portugal), e foi ordenado sacerdote em 29 de maio de 1993. Em 26 de fevereiro de 2018, foi nomeado N\u00fancio Apost\u00f3lico na Ge\u00f3rgia e Arm\u00eania.<\/p>\n<p>A seguir, a homilia do Papa Francisco do\u00a0<b>Rito de Ordena\u00e7\u00e3o de Bispos<\/b>.<\/p>\n<p>Irm\u00e3os e filhos car\u00edssimos, nos far\u00e1 bem refletir atentamente a que responsabilidade eclesial s\u00e3o promovidos estes nossos irm\u00e3os.<\/p>\n<p>Jesus Cristo nosso Senhor, enviado pelo Pai para redimir a humanidade, enviou ao mundo os doze Ap\u00f3stolos, cheios do Esp\u00edrito Santo, para anunciarem o Evangelho, e santificarem e conduzirem todos os povos, congregando-os num s\u00f3 redil.<\/p>\n<p>E para que este minist\u00e9rio continuasse at\u00e9 ao fim dos tempos, os Ap\u00f3stolos escolheram colaboradores, aos quais comunicaram o dom do Esp\u00edrito Santo, recebido de Cristo, mediante a imposi\u00e7\u00e3o das m\u00e3os, pela qual \u00e9 conferida a plenitude do Sacramento da Ordem.<\/p>\n<p>Assim, pela sucess\u00e3o cont\u00ednua dos Bispos, foi conservada, atrav\u00e9s das gera\u00e7\u00f5es, a tradi\u00e7\u00e3o que vem desde o princ\u00edpio, e a obra do Salvador perdura e cresce at\u00e9 aos nossos dias. Na pessoa do Bispo, rodeado pelos seus presb\u00edteros, est\u00e1 presente no meio de v\u00f3s nosso Senhor Jesus Cristo, o Pont\u00edfice eterno.<\/p>\n<p>\u00c9 Ele, Cristo Jesus, que, no minist\u00e9rio do Bispo, n\u00e3o cessa de anunciar o Evangelho e de oferecer aos crentes os mist\u00e9rios da f\u00e9.<\/p>\n<p>\u00c9 Ele que, pelo m\u00fanus paterno do Bispo, acrescenta novos membros ao seu Corpo, que \u00e9 a Igreja.<\/p>\n<p>\u00c9 Ele que, pela sabedoria e prud\u00eancia do Bispo, vos conduz, ao longo da peregrina\u00e7\u00e3o terrena, para a felicidade eterna. Recebei, pois, com santa alegria, estes nossos irm\u00e3os, que n\u00f3s, os Bispos aqui presentes, mediante a imposi\u00e7\u00e3o das m\u00e3os agregamos ao nosso col\u00e9gio episcopal.<\/p>\n<p>Deveis honr\u00e1-los como ministros de Cristo e dispensadores dos mist\u00e9rios de Deus; a eles se confia o encargo de testemunhar o Evangelho da verdade e comunicar o Esp\u00edrito e a santidade.<\/p>\n<p>Recordem as palavras de Cristo aos Ap\u00f3stolos: \u00abQuem vos ouve, a Mim ouve; quem vos despreza, a Mim despreza, e quem Me despreza, despreza Aquele que Me enviou\u00bb.<\/p>\n<p>Quanto a v\u00f3s, irm\u00e3os car\u00edssimos eleitos pelo Senhor, recordem que fostes escolhidos dentre os homens e postos ao servi\u00e7o dos homens nas coisas que dizem respeito a Deus:<\/p>\n<div>\n<div class=\"article__embed article__embed--border embed_style\">\n<blockquote><p>\u201c N\u00e3o para outras coisas. N\u00e3o para os neg\u00f3cios, n\u00e3o para a mundanidade, n\u00e3o para a pol\u00edtica. \u201d<\/p><\/blockquote>\n<\/div>\n<\/div>\n<p>&#8220;Episcopado&#8221; significa trabalho, n\u00e3o honra. Pois ao Bispo, mais do que presidir, tem obriga\u00e7\u00e3o de servir. Segundo o ensinamento do Mestre, o que \u00e9 maior seja como o mais pequeno, e o que preside, como quem serve. Fujam da tenta\u00e7\u00e3o de tornarem-se pr\u00edncipes.<\/p>\n<p>Proclamem a palavra, oportuna e inoportunamente; exortem com toda a paci\u00eancia e doutrina.<\/p>\n<p>Na ora\u00e7\u00e3o e no sacrif\u00edcio oferecido pelo povo a voc\u00eas confiado, procurem alcan\u00e7ar, da plenitude da santidade de Cristo, a multiforme riqueza de Deus.<\/p>\n<p>A ora\u00e7\u00e3o do bispo: a primeira miss\u00e3o do bispo. Quando as vi\u00favas dos gregos foram lamentar-se com os ap\u00f3stolos porque n\u00e3o se preocupavam muito com elas, reuniram-se e, com a for\u00e7a do Esp\u00edrito Santo, inventaram o diaconato. E Pedro, quando explica isto, o que diz?: &#8220;Voc\u00eas fa\u00e7am isto, isto e isto; a n\u00f3s, a ora\u00e7\u00e3o e o an\u00fancio da Palavra&#8221;.<\/p>\n<div>\n<div class=\"article__embed article__embed--border embed_style\">\n<blockquote><p>\u201c Primeira miss\u00e3o de um bispo \u00e9 a ora\u00e7\u00e3o. Um bispo que n\u00e3o reza n\u00e3o cumpre o seu dever, n\u00e3o preenche a sua voca\u00e7\u00e3o. \u201d<\/p><\/blockquote>\n<\/div>\n<\/div>\n<p>Sejam fi\u00e9is dispensadores dos mist\u00e9rios de Cristo na Igreja que Deus a v\u00f3s confia; governem-a e guardem-a com paternal solicitude.<\/p>\n<p>Escolhidos pelo Pai para cuidarem da sua fam\u00edlia, tenham sempre diante dos olhos o Bom Pastor, que conhece as suas ovelhas e \u00e9 conhecido por elas, e n\u00e3o hesitou em dar a vida pela sua grei.<\/p>\n<p>Com amor paterno e fraterno, amem a todos quantos Deus confia ao cuidado pastoral de voc\u00eas, sobretudo os presb\u00edteros e os di\u00e1conos, vossos colaboradores no minist\u00e9rio.<\/p>\n<div>\n<div class=\"article__embed article__embed--border embed_style\">\n<blockquote><p>\u201c Proximidade aos presb\u00edteros, por favor: que possam encontrar o bispo no mesmo dia, ou no m\u00e1ximo no dia seguinte, quando o procuram. Proximidade aos sacerdotes. \u201d<\/p><\/blockquote>\n<\/div>\n<\/div>\n<p>Mas tamb\u00e9m proximidade aos pobres, aos indefesos e a quantos t\u00eam necessidade de acolhida e de ajuda. Exortem os fi\u00e9is a colaborarem com voc\u00eas no trabalho apost\u00f3lico e disponham-se a ouvi-los de bom grado. Sem fadiga, cuidem tamb\u00e9m daqueles que ainda n\u00e3o entraram no redil de Cristo, porque tamb\u00e9m esses foram a voc\u00eas encomendados no Senhor.<\/p>\n<p>N\u00e3o esque\u00e7am que pertencem ao Col\u00e9gio Episcopal, no seio da Igreja Cat\u00f3lica, toda unida no v\u00ednculo da caridade; e n\u00e3o deixem de trazer convosco a solicitude por todas as Igrejas, sempre dispostos a levar ajuda \u00e0s mais necessitadas.<\/p>\n<p>Vigiem. Vigiem com amor todo o rebanho no qual o Esp\u00edrito Santo vos constitui para regeres a Igreja de Deus. E isto, o fa\u00e7am em nome do Pai, de Quem na Igreja sois a imagem. E em nome do seu Filho Jesus Cristo, cujo m\u00fanus de mestre, sacerdote e pastor ir\u00e3o exercer; e em nome do Esp\u00edrito Santo, que d\u00e1 vida \u00e0 Igreja de Cristo e fortalece a nossa fraqueza, com a sua pr\u00f3pria for\u00e7a&#8221;.<\/p>\n<p>Fonte:Vatican News<\/p>\n<\/div>\n","protected":false},"excerpt":{"rendered":"<p>O Bispo, mais do que presidir, tem obriga\u00e7\u00e3o de servir. O Papa Francisco presidiu, na tarde desta segunda-feira (19\/03), na Bas\u00edlica de S\u00e3o Pedro, o Rito de Ordena\u00e7\u00e3o de Bispos. Tr\u00eas foram os presb\u00edteros ordenados bispos pelo Santo Padre: Mons. Waldemar Stanis\u0142aw Sommertag\u00a0da Diocese de Pelplin, na Pol\u00f4nia. Ele nasceu em 6 de fevereiro de&nbsp;<\/p>\n<p><a class=\"btn btn-style\" href=\"http:\/\/portalcatolico.net\/portal\/papa-francisco-episcopado-significa-trabalho-nao-honra\/\">Continue Reading<\/a><\/p>\n","protected":false},"author":2,"featured_media":53350,"comment_status":"open","ping_status":"open","sticky":false,"template":"","format":"standard","meta":{"footnotes":""},"categories":[5],"tags":[],"class_list":["post-53349","post","type-post","status-publish","format-standard","has-post-thumbnail","hentry","category-igreja_no_mundo"],"_links":{"self":[{"href":"http:\/\/portalcatolico.net\/portal\/wp-json\/wp\/v2\/posts\/53349","targetHints":{"allow":["GET"]}}],"collection":[{"href":"http:\/\/portalcatolico.net\/portal\/wp-json\/wp\/v2\/posts"}],"about":[{"href":"http:\/\/portalcatolico.net\/portal\/wp-json\/wp\/v2\/types\/post"}],"author":[{"embeddable":true,"href":"http:\/\/portalcatolico.net\/portal\/wp-json\/wp\/v2\/users\/2"}],"replies":[{"embeddable":true,"href":"http:\/\/portalcatolico.net\/portal\/wp-json\/wp\/v2\/comments?post=53349"}],"version-history":[{"count":1,"href":"http:\/\/portalcatolico.net\/portal\/wp-json\/wp\/v2\/posts\/53349\/revisions"}],"predecessor-version":[{"id":53351,"href":"http:\/\/portalcatolico.net\/portal\/wp-json\/wp\/v2\/posts\/53349\/revisions\/53351"}],"wp:featuredmedia":[{"embeddable":true,"href":"http:\/\/portalcatolico.net\/portal\/wp-json\/wp\/v2\/media\/53350"}],"wp:attachment":[{"href":"http:\/\/portalcatolico.net\/portal\/wp-json\/wp\/v2\/media?parent=53349"}],"wp:term":[{"taxonomy":"category","embeddable":true,"href":"http:\/\/portalcatolico.net\/portal\/wp-json\/wp\/v2\/categories?post=53349"},{"taxonomy":"post_tag","embeddable":true,"href":"http:\/\/portalcatolico.net\/portal\/wp-json\/wp\/v2\/tags?post=53349"}],"curies":[{"name":"wp","href":"https:\/\/api.w.org\/{rel}","templated":true}]}}