{"id":53343,"date":"2018-03-19T22:11:37","date_gmt":"2018-03-20T01:11:37","guid":{"rendered":"http:\/\/portalcatolico.net\/portal\/?p=53343"},"modified":"2018-03-22T06:05:40","modified_gmt":"2018-03-22T09:05:40","slug":"festa-de-sao-jose-encerra-em-itabuna-com-centenas-de-fieis-em-procissao","status":"publish","type":"post","link":"http:\/\/portalcatolico.net\/portal\/festa-de-sao-jose-encerra-em-itabuna-com-centenas-de-fieis-em-procissao\/","title":{"rendered":"Festa de S\u00e3o Jos\u00e9 encerra em Itabuna com centenas de fieis em prociss\u00e3o"},"content":{"rendered":"<p class=\"m_7845637867927344536xmsonormal\">Ap\u00f3s nove noites em prepara\u00e7\u00e3o para festejar o glorioso S\u00e3o Jos\u00e9, finalmente\u00a0<em>nesta segunda-feira (19), feriado municipal em Itabuna (BA), a popula\u00e7\u00e3o cat\u00f3lica se mobilizou para celebrar o dia do padroeiro da cidade, da Catedral e da Diocese de Itabuna. Dia este, que foi repleto de uma programa\u00e7\u00e3o tradicional e especial: tr\u00eas missas em hor\u00e1rios diferentes (\u00e0s 7h, \u00e0s 10h e \u00e0s 14h), presididas pelo Bispo Diocesano, Dom Carlos Alberto dos Santos.<u><\/u><u><\/u><\/em><\/p>\n<p class=\"m_7845637867927344536xmsonormal\"><em><u><\/u>\u00a0<\/em><em>Por volta das 16h, centenas de fieis seguiram em prociss\u00e3o percorrendo as principais ruas da cidade, homenageando o santo. Emocionados, os cat\u00f3licos cantavam, rezavam e pagavam promessas. Ver a imagem de S\u00e3o Jos\u00e9 ser acompanhada por uma multid\u00e3o de fieis,\u00e9 com certeza, um dos momentos mais esperados e bonitos desta tradicional festa. Ap\u00f3s a prociss\u00e3o, teve a Ben\u00e7\u00e3o do Sant\u00edssimo Sacramento.<u><\/u><u><\/u><\/em><\/p>\n<p class=\"m_7845637867927344536xmsonormal\"><u><\/u>\u00a0Na eventualidade, estiveram presentes, fieis de diversas par\u00f3quias, religiosos, personalidades itabunenses e pol\u00edticos. Entre eles, o prefeito de Itabuna, o senhor Fernando Gomes e o Vereador Enderson Guinho, que \u00e9 um cat\u00f3lico muito atuante na Igreja (membro da Par\u00f3quia Senhor do Bonfim e Coordenador do EJC e Movimento escalada na Diocese de Itabuna).<u><\/u><u><\/u><\/p>\n<p class=\"m_7845637867927344536xmsonormal\"><u><\/u>\u00a0Na oportunidade, Dom Carlos agradeceu a todos os envolvidos no Noven\u00e1rio, que teve in\u00edcio no dia 10 deste m\u00eas, e parabenizou o atual p\u00e1roco da Catedral de S\u00e3o Jos\u00e9, o padre Gilvan Oliveira, por ter organizado uma festa t\u00e3o bonita em pouco tempo. E, aproveitou, para propor aos fieis, que refletissem o tema abordado na Campanha da Fraternidade, repensando como est\u00e1 sendo o modo de vida na sociedade e na Igreja. \u201cV\u00f3s sois o sal da Terra, v\u00f3s sois a luz do mundo. Quem vai dar gosto, luz, a este mundo, \u00e9 Deus! Assim fez S\u00e3o Jos\u00e9, que se tornou uma luz e at\u00e9 hoje \u00e9 lembrado, dando gosto, dando valor, dando cada vez mais este entendimento: eu preciso ser a luz, como Jos\u00e9!\u201d, finalizou.<\/p>\n<p class=\"m_7845637867927344536xmsonormal\">Reportagem e fotos: Valdeni Elias<\/p>\n<p class=\"m_7845637867927344536xmsonormal\">Edi\u00e7\u00e3o de texto: Anara Passos (Jornalista)<\/p>\n<p class=\"m_7845637867927344536xmsonormal\">\u00c1lbuns de fotos. <a href=\"http:\/\/portalcatolico.net\/portal\/missas-e-procissao-do-padroeiro-de-itabuna\/\"><span style=\"color: #ff0000;\">Clique aqui<\/span><\/a> e confira.<\/p>\n<h3 class=\"m_7845637867927344536xmsonormal\"><strong>Assista o v\u00eddeo\u00a0<\/strong><\/h3>\n<p><iframe loading=\"lazy\"  id=\"_ytid_78317\"  width=\"480\" height=\"270\"  data-origwidth=\"480\" data-origheight=\"270\" src=\"https:\/\/www.youtube.com\/embed\/dxa_6A3IpZo?enablejsapi=1&#038;autoplay=0&#038;cc_load_policy=0&#038;cc_lang_pref=&#038;iv_load_policy=1&#038;loop=0&#038;rel=1&#038;fs=1&#038;playsinline=0&#038;autohide=2&#038;theme=dark&#038;color=red&#038;controls=1&#038;disablekb=0&#038;\" class=\"__youtube_prefs__  epyt-is-override  no-lazyload\" title=\"YouTube player\"  allow=\"fullscreen; accelerometer; autoplay; clipboard-write; encrypted-media; gyroscope; picture-in-picture; web-share\" referrerpolicy=\"strict-origin-when-cross-origin\" allowfullscreen data-no-lazy=\"1\" data-skipgform_ajax_framebjll=\"\"><\/iframe><\/p>\n","protected":false},"excerpt":{"rendered":"<p>Ap\u00f3s nove noites em prepara\u00e7\u00e3o para festejar o glorioso S\u00e3o Jos\u00e9, finalmente\u00a0nesta segunda-feira (19), feriado municipal em Itabuna (BA), a popula\u00e7\u00e3o cat\u00f3lica se mobilizou para celebrar o dia do padroeiro da cidade, da Catedral e da Diocese de Itabuna. Dia este, que foi repleto de uma programa\u00e7\u00e3o tradicional e especial: tr\u00eas missas em hor\u00e1rios diferentes&nbsp;<\/p>\n<p><a class=\"btn btn-style\" href=\"http:\/\/portalcatolico.net\/portal\/festa-de-sao-jose-encerra-em-itabuna-com-centenas-de-fieis-em-procissao\/\">Continue Reading<\/a><\/p>\n","protected":false},"author":2,"featured_media":53381,"comment_status":"open","ping_status":"open","sticky":false,"template":"","format":"standard","meta":{"footnotes":""},"categories":[68],"tags":[],"class_list":["post-53343","post","type-post","status-publish","format-standard","has-post-thumbnail","hentry","category-homilias"],"_links":{"self":[{"href":"http:\/\/portalcatolico.net\/portal\/wp-json\/wp\/v2\/posts\/53343","targetHints":{"allow":["GET"]}}],"collection":[{"href":"http:\/\/portalcatolico.net\/portal\/wp-json\/wp\/v2\/posts"}],"about":[{"href":"http:\/\/portalcatolico.net\/portal\/wp-json\/wp\/v2\/types\/post"}],"author":[{"embeddable":true,"href":"http:\/\/portalcatolico.net\/portal\/wp-json\/wp\/v2\/users\/2"}],"replies":[{"embeddable":true,"href":"http:\/\/portalcatolico.net\/portal\/wp-json\/wp\/v2\/comments?post=53343"}],"version-history":[{"count":4,"href":"http:\/\/portalcatolico.net\/portal\/wp-json\/wp\/v2\/posts\/53343\/revisions"}],"predecessor-version":[{"id":53348,"href":"http:\/\/portalcatolico.net\/portal\/wp-json\/wp\/v2\/posts\/53343\/revisions\/53348"}],"wp:featuredmedia":[{"embeddable":true,"href":"http:\/\/portalcatolico.net\/portal\/wp-json\/wp\/v2\/media\/53381"}],"wp:attachment":[{"href":"http:\/\/portalcatolico.net\/portal\/wp-json\/wp\/v2\/media?parent=53343"}],"wp:term":[{"taxonomy":"category","embeddable":true,"href":"http:\/\/portalcatolico.net\/portal\/wp-json\/wp\/v2\/categories?post=53343"},{"taxonomy":"post_tag","embeddable":true,"href":"http:\/\/portalcatolico.net\/portal\/wp-json\/wp\/v2\/tags?post=53343"}],"curies":[{"name":"wp","href":"https:\/\/api.w.org\/{rel}","templated":true}]}}