{"id":53010,"date":"2018-03-19T21:11:12","date_gmt":"2018-03-20T00:11:12","guid":{"rendered":"http:\/\/portalcatolico.net\/portal\/?p=53010"},"modified":"2018-03-19T21:11:12","modified_gmt":"2018-03-20T00:11:12","slug":"encontro-de-cristaos-leigos-e-leigas-reuniu-mais-de-350-pessoas-neste-domingo-18","status":"publish","type":"post","link":"http:\/\/portalcatolico.net\/portal\/encontro-de-cristaos-leigos-e-leigas-reuniu-mais-de-350-pessoas-neste-domingo-18\/","title":{"rendered":"Encontro de Crist\u00e3os Leigos e Leigas reuniu mais de 350 pessoas neste domingo (18)"},"content":{"rendered":"<p>A Comiss\u00e3o Arquidiocesana para o Ano Nacional do Laicato promoveu, no \u00faltimo domingo (18), o Encontro de Crist\u00e3os Leigos e Leigas. O evento reuniu mais de 350 pessoas no audit\u00f3rio Dom Geraldo Majella Agnelo, localizado na C\u00faria Metropolitana de Salvador. A programa\u00e7\u00e3o contou com as palestras \u201cLeigos: Identidade e Voca\u00e7\u00e3o\u201d, ministrada pela articuladora da A\u00e7\u00e3o Social Arquidiocesana (ASA), Hildete Emanuele, e \u201cLeigos: Espiritualidade e Miss\u00e3o\u201d, conduzida pelo professor Jos\u00e9 Ant\u00f4nio Saja.<\/p>\n<p>Al\u00e9m das palestras, foram oferecidas oficinas e apresentado o Plano Arquidiocesano para o Ano do Laicato. \u201cEsta \u00e9 a primeira atividade para o Ano do Laicato em nossa Arquidiocese. N\u00f3s temos como objetivo formar crist\u00e3os leigos e leigas na sua consci\u00eancia, na sua miss\u00e3o, evidenciando o papel deles como sal da terra e luz do mundo. Al\u00e9m deste encontro que est\u00e1 acontecendo hoje, n\u00f3s teremos o F\u00f3rum de Profissionais Cat\u00f3licos, um Festival de M\u00fasica, semin\u00e1rios tem\u00e1ticos nas foranias e nas par\u00f3quias\u201d, disse o coordenador de Pastoral e da Comiss\u00e3o, padre Ricardo Henrique.<\/p>\n<p>A primeira parte do encontro foi encerrada com uma Missa, presidida pelo Arcebispo de Salvador e Primaz do Brasil, Dom Murilo Krieger. Durante a homilia, Dom Murilo falou sobre a miss\u00e3o dos leigos. \u00a0\u201cQueremos entender melhor qual \u00e9 a nossa voca\u00e7\u00e3o batismal, a nossa miss\u00e3o na Igreja e no mundo, j\u00e1 que a nossa voca\u00e7\u00e3o \u00e9 ser sal da terra e luz do mundo. Eu tenho certeza que o Senhor nos ouvir\u00e1, por que Ele quer que todos n\u00f3s ocupemos o nosso lugar neste mundo que Ele ama e quer salvar\u201d, afirmou Dom Murilo.<\/p>\n<p>Entre os participantes estava o paroquiano da Par\u00f3quia Santa Terezinha, localizada no Chame-Chame, Roberto Sarmento. \u201cEu considero que este ano deve ser o passo inicial no envolvimento de leigos e leigas na miss\u00e3o da Igreja, como crist\u00e3os, como pessoas que precisam transformar essa sociedade. Para ser sal da terra e luz do mundo, n\u00f3s precisamos estar ligados a uma videira, precisamos ser galhos de uma videira que \u00e9 Jesus Cristo\u201d, disse.<\/p>\n<p>\u201cN\u00f3s precisamos, realmente, saber qual \u00e9 o nosso papel como crist\u00e3os e seguir o ensinamento de Jesus Cristo: Ide por todo o mundo e pregai o Evangelho\u201d, disse Maria Raimunda, que \u00e9 membro da Comiss\u00e3o Arquidiocesana da Pastoral da Fam\u00edlia e participa da Par\u00f3quia Ceia do Senhor e Santo Andr\u00e9 Ap\u00f3stolo.<\/p>\n<p>Foto: Daniela Andrade<\/p>\n<p>Informa\u00e7\u00f5es:Arquidiocese de Salvador<\/p>\n","protected":false},"excerpt":{"rendered":"<p>A Comiss\u00e3o Arquidiocesana para o Ano Nacional do Laicato promoveu, no \u00faltimo domingo (18), o Encontro de Crist\u00e3os Leigos e Leigas. O evento reuniu mais de 350 pessoas no audit\u00f3rio Dom Geraldo Majella Agnelo, localizado na C\u00faria Metropolitana de Salvador. A programa\u00e7\u00e3o contou com as palestras \u201cLeigos: Identidade e Voca\u00e7\u00e3o\u201d, ministrada pela articuladora da A\u00e7\u00e3o&nbsp;<\/p>\n<p><a class=\"btn btn-style\" href=\"http:\/\/portalcatolico.net\/portal\/encontro-de-cristaos-leigos-e-leigas-reuniu-mais-de-350-pessoas-neste-domingo-18\/\">Continue Reading<\/a><\/p>\n","protected":false},"author":2,"featured_media":53011,"comment_status":"open","ping_status":"open","sticky":false,"template":"","format":"standard","meta":{"footnotes":""},"categories":[2],"tags":[],"class_list":["post-53010","post","type-post","status-publish","format-standard","has-post-thumbnail","hentry","category-eventos"],"_links":{"self":[{"href":"http:\/\/portalcatolico.net\/portal\/wp-json\/wp\/v2\/posts\/53010","targetHints":{"allow":["GET"]}}],"collection":[{"href":"http:\/\/portalcatolico.net\/portal\/wp-json\/wp\/v2\/posts"}],"about":[{"href":"http:\/\/portalcatolico.net\/portal\/wp-json\/wp\/v2\/types\/post"}],"author":[{"embeddable":true,"href":"http:\/\/portalcatolico.net\/portal\/wp-json\/wp\/v2\/users\/2"}],"replies":[{"embeddable":true,"href":"http:\/\/portalcatolico.net\/portal\/wp-json\/wp\/v2\/comments?post=53010"}],"version-history":[{"count":1,"href":"http:\/\/portalcatolico.net\/portal\/wp-json\/wp\/v2\/posts\/53010\/revisions"}],"predecessor-version":[{"id":53012,"href":"http:\/\/portalcatolico.net\/portal\/wp-json\/wp\/v2\/posts\/53010\/revisions\/53012"}],"wp:featuredmedia":[{"embeddable":true,"href":"http:\/\/portalcatolico.net\/portal\/wp-json\/wp\/v2\/media\/53011"}],"wp:attachment":[{"href":"http:\/\/portalcatolico.net\/portal\/wp-json\/wp\/v2\/media?parent=53010"}],"wp:term":[{"taxonomy":"category","embeddable":true,"href":"http:\/\/portalcatolico.net\/portal\/wp-json\/wp\/v2\/categories?post=53010"},{"taxonomy":"post_tag","embeddable":true,"href":"http:\/\/portalcatolico.net\/portal\/wp-json\/wp\/v2\/tags?post=53010"}],"curies":[{"name":"wp","href":"https:\/\/api.w.org\/{rel}","templated":true}]}}