{"id":52847,"date":"2018-03-19T20:44:57","date_gmt":"2018-03-19T23:44:57","guid":{"rendered":"http:\/\/portalcatolico.net\/portal\/?p=52847"},"modified":"2018-03-19T21:04:18","modified_gmt":"2018-03-20T00:04:18","slug":"eacre-e-realizado-em-itabuna","status":"publish","type":"post","link":"http:\/\/portalcatolico.net\/portal\/eacre-e-realizado-em-itabuna\/","title":{"rendered":"EACRE \u00e9 realizado em Itabuna"},"content":{"rendered":"<p class=\"m_2057048199562419899xgmail-msonospacing\"><em>O Movimento das Equipes de Nossa Senhora da Diocese de Itabuna promoveu neste\u00a0\u00a0\u00faltimo\u00a0domingo (18), o P\u00f3s Encontro Anual de Casais Respons\u00e1veis de Equipes (EACRE), no Col\u00e9gio A\u00e7\u00e3o Fraternal de Itabuna (AFI).<u><\/u><u><\/u><\/em><\/p>\n<p class=\"m_2057048199562419899xgmail-msonospacing\"><em>O EACRE foi composto de palestras, missa, anima\u00e7\u00e3o, plen\u00e1rias, reflex\u00f5es, entre outros momentos de evangeliza\u00e7\u00e3o.<u><\/u><u><\/u><\/em><\/p>\n<p class=\"m_2057048199562419899xgmail-msonospacing\"><em>\u00a0Segundo a coordena\u00e7\u00e3o, existem hoje no total, 140 casais ou seja, 280 Equipistas.<\/em><i><u><\/u><u><\/u><\/i><\/p>\n<p class=\"m_2057048199562419899xgmail-msonospacing\"><em>O tema deste ano \u00e9 : \u201cA Miss\u00e3o do Amor\u201d. Os palestrantes foram: a Irm\u00e3 Franciscana, Lilian\u00a0 Santos de Jesus; o casal Leila e Armando; Di\u00e1cono Trajano Oswaldo; Ikatiara e Valter; Ant\u00f4nia e Lu\u00eds; Cris e Min\u00e1.<u><\/u><u><\/u><\/em><\/p>\n<p class=\"m_2057048199562419899xgmail-msonospacing\"><em>A Celebra\u00e7\u00e3o\u00a0\u00a0Eucar\u00edstica foi presidida por Dom Carlos Alberto, bispo da Diocese de Itabuna, e concelebrada pelos di\u00e1conos Erisvaldo e Trajano Osvaldo. Na homilia, o bispo disse: \u201cQueridas fam\u00edlias, chamadas hoje de equipistas, tamb\u00e9m podem ser chamadas de equilibristas, porque quando a fam\u00edlia \u00e9 bem constitu\u00edda, no mundo de hoje, ela leva avante essa obra divina criada por Deus\u201d.<\/em><i><u><\/u><u><\/u><\/i><\/p>\n<p class=\"m_2057048199562419899xgmail-msonospacing\"><em>O encontro teve in\u00edcio \u00e0s 7h30 e fim \u00e0s 17h30.<\/em><u><\/u><u><\/u><\/p>\n<p class=\"m_2057048199562419899xgmail-msonospacing\">Confira as foto deste evento clicando.<a href=\"http:\/\/portalcatolico.net\/portal\/pos-eacre-aconteceu-em-itabuna\/\"><span style=\"color: #ff0000;\">AQUI<\/span><\/a><\/p>\n","protected":false},"excerpt":{"rendered":"<p>O Movimento das Equipes de Nossa Senhora da Diocese de Itabuna promoveu neste\u00a0\u00a0\u00faltimo\u00a0domingo (18), o P\u00f3s Encontro Anual de Casais Respons\u00e1veis de Equipes (EACRE), no Col\u00e9gio A\u00e7\u00e3o Fraternal de Itabuna (AFI). O EACRE foi composto de palestras, missa, anima\u00e7\u00e3o, plen\u00e1rias, reflex\u00f5es, entre outros momentos de evangeliza\u00e7\u00e3o. \u00a0Segundo a coordena\u00e7\u00e3o, existem hoje no total, 140 casais&nbsp;<\/p>\n<p><a class=\"btn btn-style\" href=\"http:\/\/portalcatolico.net\/portal\/eacre-e-realizado-em-itabuna\/\">Continue Reading<\/a><\/p>\n","protected":false},"author":2,"featured_media":52848,"comment_status":"open","ping_status":"open","sticky":false,"template":"","format":"standard","meta":{"footnotes":""},"categories":[68],"tags":[],"class_list":["post-52847","post","type-post","status-publish","format-standard","has-post-thumbnail","hentry","category-homilias"],"_links":{"self":[{"href":"http:\/\/portalcatolico.net\/portal\/wp-json\/wp\/v2\/posts\/52847","targetHints":{"allow":["GET"]}}],"collection":[{"href":"http:\/\/portalcatolico.net\/portal\/wp-json\/wp\/v2\/posts"}],"about":[{"href":"http:\/\/portalcatolico.net\/portal\/wp-json\/wp\/v2\/types\/post"}],"author":[{"embeddable":true,"href":"http:\/\/portalcatolico.net\/portal\/wp-json\/wp\/v2\/users\/2"}],"replies":[{"embeddable":true,"href":"http:\/\/portalcatolico.net\/portal\/wp-json\/wp\/v2\/comments?post=52847"}],"version-history":[{"count":2,"href":"http:\/\/portalcatolico.net\/portal\/wp-json\/wp\/v2\/posts\/52847\/revisions"}],"predecessor-version":[{"id":53009,"href":"http:\/\/portalcatolico.net\/portal\/wp-json\/wp\/v2\/posts\/52847\/revisions\/53009"}],"wp:featuredmedia":[{"embeddable":true,"href":"http:\/\/portalcatolico.net\/portal\/wp-json\/wp\/v2\/media\/52848"}],"wp:attachment":[{"href":"http:\/\/portalcatolico.net\/portal\/wp-json\/wp\/v2\/media?parent=52847"}],"wp:term":[{"taxonomy":"category","embeddable":true,"href":"http:\/\/portalcatolico.net\/portal\/wp-json\/wp\/v2\/categories?post=52847"},{"taxonomy":"post_tag","embeddable":true,"href":"http:\/\/portalcatolico.net\/portal\/wp-json\/wp\/v2\/tags?post=52847"}],"curies":[{"name":"wp","href":"https:\/\/api.w.org\/{rel}","templated":true}]}}